{"id":7296,"date":"2007-01-23T00:00:00","date_gmt":"2007-01-23T02:00:00","guid":{"rendered":"https:\/\/crea-mt.org.br\/portal\/ip-abre-200-vagas-para-em-brasilandia-ms\/"},"modified":"2007-01-23T00:00:00","modified_gmt":"2007-01-23T02:00:00","slug":"ip-abre-200-vagas-para-em-brasilandia-ms","status":"publish","type":"post","link":"https:\/\/www.crea-mt.org.br\/portal\/ip-abre-200-vagas-para-em-brasilandia-ms\/","title":{"rendered":"IP abre 200 vagas para em Brasil\u00e2ndia (MS)"},"content":{"rendered":"<p>\nA International Paper j\u00e1 come\u00e7ou a recrutar funcion\u00e1rios para atuarem na constru\u00e7\u00e3o da empresa. Na manh\u00e3 desta segunda-feira (22\/01), representantes da empresa M\u00faltipla, respons\u00e1vel pela gest\u00e3o de pessoas, compareceram a Secretaria de Promo\u00e7\u00e3o Social, no munic\u00edpio de Brasil\u00e2ndia, onde juntos com a secret\u00e1ria Rosimeire Ferreira e a primeira-dama Cibele Thiago firmaram parceria para que os mun\u00edcipes interessados em trabalhar na empresa possam ser selecionados.<\/p>\n<p>De acordo com a gestora de recrutamento e sele\u00e7\u00f5es, Jane Mathias, e a assessora comercial, Gl\u00e1ucia Queiroz, ambas da M\u00faltipla, a prefer\u00eancia por candidatos que residam em Brasil\u00e2ndia e demais regi\u00e3o do Bols\u00e3o deve-se pelo fato da empresa estar sendo edificada em Tr\u00eas Lagoas.<\/p>\n<p>Para o recrutamento o candidato deve ter acima de 18 anos e comparecer a Secretaria de Promo\u00e7\u00e3o Social em hor\u00e1rio comercial e preencher a fixa cadastral munido de documentos pessoais. As inscri\u00e7\u00f5es come\u00e7am a partir de ter\u00e7a-feira (23\/01).<\/p>\n<p>As vagas de empregos s\u00e3o:<\/p>\n<p>-T\u00e9cnico da qualidade (2\u00ba grau);<br \/>\n&#8211; Auxiliar de produ\u00e7\u00e3o (2\u00ba grau);<br \/>\n&#8211; Operador de empilhadeira (2\u00ba graus);<br \/>\n&#8211; Operador de telemarketing (2\u00ba grau);<br \/>\n&#8211; Analista fiscal (2\u00ba grau t\u00e9cnico);<br \/>\n&#8211; Consultora de vendas (masc. 2\u00ba grau);<br \/>\n&#8211; Engenheiro mec\u00e2nico;<br \/>\n&#8211; Analista de compras;<br \/>\n&#8211; Servente;<br \/>\n&#8211; Pedreiro;<br \/>\n&#8211; Carpinteiro;<br \/>\n&#8211; Armador;<br \/>\n&#8211; Mec\u00e2nico montador;<br \/>\n&#8211; Pintor;<br \/>\n&#8211; Encanador;<br \/>\n&#8211; Almoxarife;<br \/>\n&#8211; Eletricista de manuten\u00e7\u00e3o industrial;<br \/>\n&#8211; Ajudante de manuten\u00e7\u00e3o el\u00e9trica;<br \/>\n&#8211; Encarregado de forma (1\u00ba grau);<br \/>\n&#8211; Encarregado de arma\u00e7\u00e3o;<br \/>\n&#8211; Encarregado de servi\u00e7os gerais (2\u00ba grau);<br \/>\n&#8211; Encarregado de obras (2\u00ba grau);<br \/>\n&#8211; Mestre de obras (2\u00ba grau);<br \/>\n&#8211; T\u00e9cnico seguran\u00e7a no trabalho;<br \/>\n&#8211; T\u00e9cnico de edifica\u00e7\u00e3o;<br \/>\n&#8211; Apontador;<br \/>\n&#8211; Trabalhador rural;<br \/>\n&#8211; Cozinheiro e Auxiliar de cozinha. <\/p>\n<p><B>Fonte:<\/B> Agora MS<\/p>\n","protected":false},"excerpt":{"rendered":"<p>A International Paper j\u00e1 come\u00e7ou a recrutar funcion\u00e1rios para atuarem na constru\u00e7\u00e3o da empresa. Na manh\u00e3 desta segunda-feira (22\/01), representantes da empresa M\u00faltipla, respons\u00e1vel pela gest\u00e3o de pessoas, compareceram a Secretaria de Promo\u00e7\u00e3o Social, no munic\u00edpio de Brasil\u00e2ndia, onde juntos com a secret\u00e1ria Rosimeire Ferreira e a primeira-dama Cibele Thiago firmaram parceria para que os [&hellip;]<\/p>\n","protected":false},"author":1,"featured_media":0,"comment_status":"open","ping_status":"open","sticky":false,"template":"","format":"standard","meta":{"footnotes":""},"categories":[1],"tags":[],"class_list":["post-7296","post","type-post","status-publish","format-standard","hentry","category-noticias"],"acf":[],"_links":{"self":[{"href":"https:\/\/www.crea-mt.org.br\/portal\/wp-json\/wp\/v2\/posts\/7296","targetHints":{"allow":["GET"]}}],"collection":[{"href":"https:\/\/www.crea-mt.org.br\/portal\/wp-json\/wp\/v2\/posts"}],"about":[{"href":"https:\/\/www.crea-mt.org.br\/portal\/wp-json\/wp\/v2\/types\/post"}],"author":[{"embeddable":true,"href":"https:\/\/www.crea-mt.org.br\/portal\/wp-json\/wp\/v2\/users\/1"}],"replies":[{"embeddable":true,"href":"https:\/\/www.crea-mt.org.br\/portal\/wp-json\/wp\/v2\/comments?post=7296"}],"version-history":[{"count":0,"href":"https:\/\/www.crea-mt.org.br\/portal\/wp-json\/wp\/v2\/posts\/7296\/revisions"}],"wp:attachment":[{"href":"https:\/\/www.crea-mt.org.br\/portal\/wp-json\/wp\/v2\/media?parent=7296"}],"wp:term":[{"taxonomy":"category","embeddable":true,"href":"https:\/\/www.crea-mt.org.br\/portal\/wp-json\/wp\/v2\/categories?post=7296"},{"taxonomy":"post_tag","embeddable":true,"href":"https:\/\/www.crea-mt.org.br\/portal\/wp-json\/wp\/v2\/tags?post=7296"}],"curies":[{"name":"wp","href":"https:\/\/api.w.org\/{rel}","templated":true}]}}