{"id":7295,"date":"2007-01-23T00:00:00","date_gmt":"2007-01-23T02:00:00","guid":{"rendered":"https:\/\/crea-mt.org.br\/portal\/industria-pede-incentivos-para-gerar-energia\/"},"modified":"2007-01-23T00:00:00","modified_gmt":"2007-01-23T02:00:00","slug":"industria-pede-incentivos-para-gerar-energia","status":"publish","type":"post","link":"https:\/\/www.crea-mt.org.br\/portal\/industria-pede-incentivos-para-gerar-energia\/","title":{"rendered":"Ind\u00fastria pede incentivos para gerar energia"},"content":{"rendered":"<p>\n\u00c0s v\u00e9speras do an\u00fancio do PAC (Programa de Acelera\u00e7\u00e3o do Crescimento), previsto para segunda-feira, representantes dos maiores consumidores de energia no pa\u00eds foram ao Pal\u00e1cio do Planalto pedir \u00e0 ministra Dilma Rousseff (Casa Civil) melhores condi\u00e7\u00f5es de financiamento para investimentos em hidrel\u00e9tricas. <\/p>\n<p>Segundo estudo da Abrace (Associa\u00e7\u00e3o Brasileira de Grandes Consumidores Industriais de Energia e de Consumidores Livres), o custo da energia no Brasil faz com que alguns produtos percam competitividade no mercado internacional. Um dos representantes da associa\u00e7\u00e3o na reuni\u00e3o, Erico Sommer, diretor da Gerdau, disse que, em outras na\u00e7\u00f5es, principalmente nos pa\u00edses em desenvolvimento, os prazos de financiamento para empreendimentos de gera\u00e7\u00e3o de energia chegam a 25 anos, enquanto no Brasil o prazo desses empr\u00e9stimos \u00e9 de 14 anos.<\/p>\n<p><B>Fonte:<\/B> Folha de S. Paulo<\/p>\n","protected":false},"excerpt":{"rendered":"<p>\u00c0s v\u00e9speras do an\u00fancio do PAC (Programa de Acelera\u00e7\u00e3o do Crescimento), previsto para segunda-feira, representantes dos maiores consumidores de energia no pa\u00eds foram ao Pal\u00e1cio do Planalto pedir \u00e0 ministra Dilma Rousseff (Casa Civil) melhores condi\u00e7\u00f5es de financiamento para investimentos em hidrel\u00e9tricas. Segundo estudo da Abrace (Associa\u00e7\u00e3o Brasileira de Grandes Consumidores Industriais de Energia e [&hellip;]<\/p>\n","protected":false},"author":1,"featured_media":0,"comment_status":"open","ping_status":"open","sticky":false,"template":"","format":"standard","meta":{"footnotes":""},"categories":[1],"tags":[],"class_list":["post-7295","post","type-post","status-publish","format-standard","hentry","category-noticias"],"acf":[],"_links":{"self":[{"href":"https:\/\/www.crea-mt.org.br\/portal\/wp-json\/wp\/v2\/posts\/7295","targetHints":{"allow":["GET"]}}],"collection":[{"href":"https:\/\/www.crea-mt.org.br\/portal\/wp-json\/wp\/v2\/posts"}],"about":[{"href":"https:\/\/www.crea-mt.org.br\/portal\/wp-json\/wp\/v2\/types\/post"}],"author":[{"embeddable":true,"href":"https:\/\/www.crea-mt.org.br\/portal\/wp-json\/wp\/v2\/users\/1"}],"replies":[{"embeddable":true,"href":"https:\/\/www.crea-mt.org.br\/portal\/wp-json\/wp\/v2\/comments?post=7295"}],"version-history":[{"count":0,"href":"https:\/\/www.crea-mt.org.br\/portal\/wp-json\/wp\/v2\/posts\/7295\/revisions"}],"wp:attachment":[{"href":"https:\/\/www.crea-mt.org.br\/portal\/wp-json\/wp\/v2\/media?parent=7295"}],"wp:term":[{"taxonomy":"category","embeddable":true,"href":"https:\/\/www.crea-mt.org.br\/portal\/wp-json\/wp\/v2\/categories?post=7295"},{"taxonomy":"post_tag","embeddable":true,"href":"https:\/\/www.crea-mt.org.br\/portal\/wp-json\/wp\/v2\/tags?post=7295"}],"curies":[{"name":"wp","href":"https:\/\/api.w.org\/{rel}","templated":true}]}}