{"id":7293,"date":"2007-01-23T00:00:00","date_gmt":"2007-01-23T02:00:00","guid":{"rendered":"https:\/\/crea-mt.org.br\/portal\/infra-estrutura\/"},"modified":"2007-01-23T00:00:00","modified_gmt":"2007-01-23T02:00:00","slug":"infra-estrutura","status":"publish","type":"post","link":"https:\/\/www.crea-mt.org.br\/portal\/infra-estrutura\/","title":{"rendered":"Infra-estrutura"},"content":{"rendered":"<p>Os R$ 503,9 bilh\u00f5es que ser\u00e3o aplicados pelo programa nos pr\u00f3ximos anos destinam-se as \u00e1reas de transporte, saneamento, energia, habita\u00e7\u00e3o e recursos h\u00eddricos. Desse total, R$ 67,8 bilh\u00f5es ser\u00e3o provenientes do Or\u00e7amento Geral da Uni\u00e3o e R$ 436,1 bilh\u00f5es de estatais e do setor privado. Somente em 2007 ser\u00e3o repassados R$ 25,5 bilh\u00f5es para investimentos oriundos do or\u00e7amento. Esta \u00e9 primeira vez no Brasil que se faz um programa de investimentos regionalizado, universalizando os benef\u00edcios econ\u00f4micos e sociais para todas as regi\u00f5es do Pa\u00eds , explica a ministra-chefe da Casa Civil, Dilma Roussef.  <\/p>\n<p>Esses investimentos ser\u00e3o feitos nas seguintes \u00e1reas: log\u00edstica (rodovias, ferrovias, portos, aeroportos e hidrovias); energia (gera\u00e7\u00e3o e transmiss\u00e3o de energia el\u00e9trica, petr\u00f3leo e g\u00e1s natural e combust\u00edvel renov\u00e1veis) e infra-estrutura-social e urbana (saneamento, habita\u00e7\u00e3o, transporte urbano, Luz para Todos e recursos h\u00eddricos).    <\/p>\n<p>O PAC visa a impulsionar, principalmente, a produtividade em setores estrat\u00e9gicos, incrementar a moderniza\u00e7\u00e3o tecnol\u00f3gica, contribuir para ativar novas \u00e1reas da economia e acelerar outras que j\u00e1 encontram-se em expans\u00e3o. Medidas que objetivam aumentar a competitividade do Pa\u00eds no mercado global. <\/p>\n<p>O programa prev\u00ea, por exemplo, a constru\u00e7\u00e3o, adequa\u00e7\u00e3o, duplica\u00e7\u00e3o e recupera\u00e7\u00e3o, em quatro anos, de 42 mil quil\u00f4metros de estradas, 2.518 quil\u00f4metros de ferrovias, a amplia\u00e7\u00e3o de 12 portos e 20 aeroportos. Al\u00e9m disso, a gera\u00e7\u00e3o de mais de 12.386 megawatts de energia el\u00e9trica, a constru\u00e7\u00e3o de 13.826 Km de linhas de transmiss\u00e3o, a instala\u00e7\u00e3o de quatro novas unidades de refino ou petroqu\u00edmicas, a constru\u00e7\u00e3o de 4.526 Km de gasodutos e instala\u00e7\u00e3o de 46 usinas de biodiesel. Haver\u00e1 ainda a constru\u00e7\u00e3o de rede de \u00e1gua e esgoto para 22,5 milh\u00f5es de domic\u00edlios.<\/p>\n","protected":false},"excerpt":{"rendered":"<p>Os R$ 503,9 bilh\u00f5es que ser\u00e3o aplicados pelo programa nos pr\u00f3ximos anos destinam-se as \u00e1reas de transporte, saneamento, energia, habita\u00e7\u00e3o e recursos h\u00eddricos. Desse total, R$ 67,8 bilh\u00f5es ser\u00e3o provenientes do Or\u00e7amento Geral da Uni\u00e3o e R$ 436,1 bilh\u00f5es de estatais e do setor privado. Somente em 2007 ser\u00e3o repassados R$ 25,5 bilh\u00f5es para investimentos [&hellip;]<\/p>\n","protected":false},"author":1,"featured_media":0,"comment_status":"open","ping_status":"open","sticky":false,"template":"","format":"standard","meta":{"footnotes":""},"categories":[1],"tags":[],"class_list":["post-7293","post","type-post","status-publish","format-standard","hentry","category-noticias"],"acf":[],"_links":{"self":[{"href":"https:\/\/www.crea-mt.org.br\/portal\/wp-json\/wp\/v2\/posts\/7293","targetHints":{"allow":["GET"]}}],"collection":[{"href":"https:\/\/www.crea-mt.org.br\/portal\/wp-json\/wp\/v2\/posts"}],"about":[{"href":"https:\/\/www.crea-mt.org.br\/portal\/wp-json\/wp\/v2\/types\/post"}],"author":[{"embeddable":true,"href":"https:\/\/www.crea-mt.org.br\/portal\/wp-json\/wp\/v2\/users\/1"}],"replies":[{"embeddable":true,"href":"https:\/\/www.crea-mt.org.br\/portal\/wp-json\/wp\/v2\/comments?post=7293"}],"version-history":[{"count":0,"href":"https:\/\/www.crea-mt.org.br\/portal\/wp-json\/wp\/v2\/posts\/7293\/revisions"}],"wp:attachment":[{"href":"https:\/\/www.crea-mt.org.br\/portal\/wp-json\/wp\/v2\/media?parent=7293"}],"wp:term":[{"taxonomy":"category","embeddable":true,"href":"https:\/\/www.crea-mt.org.br\/portal\/wp-json\/wp\/v2\/categories?post=7293"},{"taxonomy":"post_tag","embeddable":true,"href":"https:\/\/www.crea-mt.org.br\/portal\/wp-json\/wp\/v2\/tags?post=7293"}],"curies":[{"name":"wp","href":"https:\/\/api.w.org\/{rel}","templated":true}]}}