{"id":7292,"date":"2007-01-23T00:00:00","date_gmt":"2007-01-23T02:00:00","guid":{"rendered":"https:\/\/crea-mt.org.br\/portal\/mt-podera-emplacar-o-proximo-diretor-geral-do-dnit-2\/"},"modified":"2007-01-23T00:00:00","modified_gmt":"2007-01-23T02:00:00","slug":"mt-podera-emplacar-o-proximo-diretor-geral-do-dnit-2","status":"publish","type":"post","link":"https:\/\/www.crea-mt.org.br\/portal\/mt-podera-emplacar-o-proximo-diretor-geral-do-dnit-2\/","title":{"rendered":"MT poder\u00e1 emplacar o pr\u00f3ximo diretor geral do Dnit"},"content":{"rendered":"<p>O governador Blairo Maggi passar\u00e1, com a sua filia\u00e7\u00e3o hoje no Partido da Rep\u00fablica (PR), a ter forte influ\u00eancia no Minist\u00e9rio dos Transportes, ocupado desde o primeiro governo Lula pela agremia\u00e7\u00e3o.  O entendimento com o senador eleito Alfredo Nascimento (AM), que comandou o Minist\u00e9rio, poder\u00e1 lev\u00e1-lo a indicar o diretor geral do Dnit (Departamento Nacional de Infra-Estrutura Terrestre).<\/p>\n<p>O nome cotado para ocupar o posto \u00e9 do secret\u00e1rio de Educa\u00e7\u00e3o, Luiz Ant\u00f4nio Pagot.  Al\u00e9m do Minist\u00e9rio dos Transportes, Blairo Maggi ter\u00e1 um papel decisivo no Minist\u00e9rio da Agricultura, num entendimento com o presidente Lula, feito no apoio no 2\u00ba turno da elei\u00e7\u00e3o.<\/p>\n<p>Ele pretende indicar para a secretaria executiva do Minist\u00e9rio da Agricultura, o atual secret\u00e1rio interino de Desenvolvimento Rural, Rodrigues Palma.  Na gest\u00e3o de Pratini de Moraes no Minist\u00e9rio, Palma exerceu fun\u00e7\u00e3o importante na pasta.  Outro nome que Maggi pretende sugerir \u00e9 do presidente do Intermat, Afonso Dalberto.<\/p>\n<p>O governador espera emplac\u00e1-lo na presid\u00eancia da Conab.  Al\u00e9m dos minist\u00e9rios dos Transportes e Agricultura, Blairo Maggi espera influir na escolha do presidente do Eletronorte, do Incra e da Ag\u00eancia de Desenvolvimento da Amaz\u00f4nia (ADA).  Desde FHC, o cargo destinado a MT no \u00f3rg\u00e3o \u00e9 de Pedro Calmon, presidente do Corecon.<\/p>\n<p><B>Auro Ida<\/B><\/p>\n","protected":false},"excerpt":{"rendered":"<p>O governador Blairo Maggi passar\u00e1, com a sua filia\u00e7\u00e3o hoje no Partido da Rep\u00fablica (PR), a ter forte influ\u00eancia no Minist\u00e9rio dos Transportes, ocupado desde o primeiro governo Lula pela agremia\u00e7\u00e3o. O entendimento com o senador eleito Alfredo Nascimento (AM), que comandou o Minist\u00e9rio, poder\u00e1 lev\u00e1-lo a indicar o diretor geral do Dnit (Departamento Nacional [&hellip;]<\/p>\n","protected":false},"author":1,"featured_media":0,"comment_status":"open","ping_status":"open","sticky":false,"template":"","format":"standard","meta":{"footnotes":""},"categories":[1],"tags":[],"class_list":["post-7292","post","type-post","status-publish","format-standard","hentry","category-noticias"],"acf":[],"_links":{"self":[{"href":"https:\/\/www.crea-mt.org.br\/portal\/wp-json\/wp\/v2\/posts\/7292","targetHints":{"allow":["GET"]}}],"collection":[{"href":"https:\/\/www.crea-mt.org.br\/portal\/wp-json\/wp\/v2\/posts"}],"about":[{"href":"https:\/\/www.crea-mt.org.br\/portal\/wp-json\/wp\/v2\/types\/post"}],"author":[{"embeddable":true,"href":"https:\/\/www.crea-mt.org.br\/portal\/wp-json\/wp\/v2\/users\/1"}],"replies":[{"embeddable":true,"href":"https:\/\/www.crea-mt.org.br\/portal\/wp-json\/wp\/v2\/comments?post=7292"}],"version-history":[{"count":0,"href":"https:\/\/www.crea-mt.org.br\/portal\/wp-json\/wp\/v2\/posts\/7292\/revisions"}],"wp:attachment":[{"href":"https:\/\/www.crea-mt.org.br\/portal\/wp-json\/wp\/v2\/media?parent=7292"}],"wp:term":[{"taxonomy":"category","embeddable":true,"href":"https:\/\/www.crea-mt.org.br\/portal\/wp-json\/wp\/v2\/categories?post=7292"},{"taxonomy":"post_tag","embeddable":true,"href":"https:\/\/www.crea-mt.org.br\/portal\/wp-json\/wp\/v2\/tags?post=7292"}],"curies":[{"name":"wp","href":"https:\/\/api.w.org\/{rel}","templated":true}]}}