{"id":7287,"date":"2007-01-24T00:00:00","date_gmt":"2007-01-24T02:00:00","guid":{"rendered":"https:\/\/crea-mt.org.br\/portal\/49o-congresso-brasileiro-do-concreto\/"},"modified":"2007-01-24T00:00:00","modified_gmt":"2007-01-24T02:00:00","slug":"49o-congresso-brasileiro-do-concreto","status":"publish","type":"post","link":"https:\/\/www.crea-mt.org.br\/portal\/49o-congresso-brasileiro-do-concreto\/","title":{"rendered":"49\u00ba Congresso Brasileiro do Concreto"},"content":{"rendered":"<p>A comiss\u00e3o cient\u00edfica do 49\u00ba Congresso Brasileiro do Concreto, evento da constru\u00e7\u00e3o civil que ocorrer\u00e1 de 1\u00ba a 5 de setembro, em Bento Gon\u00e7alves (RS), est\u00e1 recebendo resumos de trabalhos acad\u00eamicos at\u00e9 31 de janeiro. <\/p>\n<p>O objetivo \u00e9 promover a difus\u00e3o do conhecimento sobre avan\u00e7os em tecnologias do concreto por meio de palestras, visitas t\u00e9cnicas e feiras de exposi\u00e7\u00f5es. O encontro \u00e9 organizado pelo Instituto Brasileiro do Concreto (Ibracon). <\/p>\n<p>Profissionais brasileiros e do exterior participar\u00e3o de pain\u00e9is tem\u00e1ticos sobre assuntos relacionados a projetos, execu\u00e7\u00e3o, manuten\u00e7\u00e3o e controle de qualidade de obras de concreto, enquanto estudantes de engenharia e de arquitetura ter\u00e3o a oportunidade de apresentar pesquisas em sess\u00f5es de p\u00f4steres. <\/p>\n<p>Mais informa\u00e7\u00f5es: www.ibracon.org.br<\/p>\n<p><B>Fonte: <\/B>www.agencia.fapesp.br<\/p>\n","protected":false},"excerpt":{"rendered":"<p>A comiss\u00e3o cient\u00edfica do 49\u00ba Congresso Brasileiro do Concreto, evento da constru\u00e7\u00e3o civil que ocorrer\u00e1 de 1\u00ba a 5 de setembro, em Bento Gon\u00e7alves (RS), est\u00e1 recebendo resumos de trabalhos acad\u00eamicos at\u00e9 31 de janeiro. O objetivo \u00e9 promover a difus\u00e3o do conhecimento sobre avan\u00e7os em tecnologias do concreto por meio de palestras, visitas t\u00e9cnicas [&hellip;]<\/p>\n","protected":false},"author":1,"featured_media":0,"comment_status":"open","ping_status":"open","sticky":false,"template":"","format":"standard","meta":{"footnotes":""},"categories":[1],"tags":[],"class_list":["post-7287","post","type-post","status-publish","format-standard","hentry","category-noticias"],"acf":[],"_links":{"self":[{"href":"https:\/\/www.crea-mt.org.br\/portal\/wp-json\/wp\/v2\/posts\/7287","targetHints":{"allow":["GET"]}}],"collection":[{"href":"https:\/\/www.crea-mt.org.br\/portal\/wp-json\/wp\/v2\/posts"}],"about":[{"href":"https:\/\/www.crea-mt.org.br\/portal\/wp-json\/wp\/v2\/types\/post"}],"author":[{"embeddable":true,"href":"https:\/\/www.crea-mt.org.br\/portal\/wp-json\/wp\/v2\/users\/1"}],"replies":[{"embeddable":true,"href":"https:\/\/www.crea-mt.org.br\/portal\/wp-json\/wp\/v2\/comments?post=7287"}],"version-history":[{"count":0,"href":"https:\/\/www.crea-mt.org.br\/portal\/wp-json\/wp\/v2\/posts\/7287\/revisions"}],"wp:attachment":[{"href":"https:\/\/www.crea-mt.org.br\/portal\/wp-json\/wp\/v2\/media?parent=7287"}],"wp:term":[{"taxonomy":"category","embeddable":true,"href":"https:\/\/www.crea-mt.org.br\/portal\/wp-json\/wp\/v2\/categories?post=7287"},{"taxonomy":"post_tag","embeddable":true,"href":"https:\/\/www.crea-mt.org.br\/portal\/wp-json\/wp\/v2\/tags?post=7287"}],"curies":[{"name":"wp","href":"https:\/\/api.w.org\/{rel}","templated":true}]}}