{"id":7285,"date":"2007-01-24T00:00:00","date_gmt":"2007-01-24T02:00:00","guid":{"rendered":"https:\/\/crea-mt.org.br\/portal\/presidentes-de-creas-de-todo-pais-definem-metas-para-2007\/"},"modified":"2007-01-24T00:00:00","modified_gmt":"2007-01-24T02:00:00","slug":"presidentes-de-creas-de-todo-pais-definem-metas-para-2007","status":"publish","type":"post","link":"https:\/\/www.crea-mt.org.br\/portal\/presidentes-de-creas-de-todo-pais-definem-metas-para-2007\/","title":{"rendered":"Presidentes de Creas de todo pa\u00eds definem metas para 2007"},"content":{"rendered":"<p>Tarciso Bassan representou o Estado em reuni\u00f5es<\/p>\n<p>O Conselho Regional de Engenharia, Arquitetura e Agronomia de Mato Grosso (Crea-MT), participou nos dias 18 e 19 de janeiro da primeira reuni\u00e3o de 2007 do Col\u00e9gio de Presidentes do Sistema Confea\/Crea, realizado no Rio de Janeiro (RJ).<\/p>\n<p>O presidente do Crea-MT, Tarciso Bassan, informou que os objetivos das reuni\u00f5es foram de definir uma nova metodologia de trabalho, com foco no planejamento estrat\u00e9gico para as a\u00e7\u00f5es de 2007 e, eleger o coordenador e coordenador-adjunto do Col\u00e9gio de Presidentes.<\/p>\n<p>&#8220;A proposta de nova metodologia &#8211; estabelecida na \u00faltima reuni\u00e3o de 2006, que aconteceu em novembro, em Florian\u00f3polis (SC) &#8211; oportuniza aos 27 presidentes de conselhos regionais trabalharem em conjunto, de forma estruturada e planejada, evitando as demandas emergenciais, como vinham acontecendo at\u00e9 ent\u00e3o&#8221;, destacou Bassan.<\/p>\n<p>Para Bassan, o resultado desse planejamento permitia ao Col\u00e9gio ser mais objetivo e transparente em a\u00e7\u00e3o executada e meta alcan\u00e7ada. <\/p>\n<p>*Rafaela Maximiano<br \/>\nAssessoria\/Crea-MT<\/p>\n","protected":false},"excerpt":{"rendered":"<p>Tarciso Bassan representou o Estado em reuni\u00f5es O Conselho Regional de Engenharia, Arquitetura e Agronomia de Mato Grosso (Crea-MT), participou nos dias 18 e 19 de janeiro da primeira reuni\u00e3o de 2007 do Col\u00e9gio de Presidentes do Sistema Confea\/Crea, realizado no Rio de Janeiro (RJ). O presidente do Crea-MT, Tarciso Bassan, informou que os objetivos [&hellip;]<\/p>\n","protected":false},"author":1,"featured_media":0,"comment_status":"open","ping_status":"open","sticky":false,"template":"","format":"standard","meta":{"footnotes":""},"categories":[1],"tags":[],"class_list":["post-7285","post","type-post","status-publish","format-standard","hentry","category-noticias"],"acf":[],"_links":{"self":[{"href":"https:\/\/www.crea-mt.org.br\/portal\/wp-json\/wp\/v2\/posts\/7285","targetHints":{"allow":["GET"]}}],"collection":[{"href":"https:\/\/www.crea-mt.org.br\/portal\/wp-json\/wp\/v2\/posts"}],"about":[{"href":"https:\/\/www.crea-mt.org.br\/portal\/wp-json\/wp\/v2\/types\/post"}],"author":[{"embeddable":true,"href":"https:\/\/www.crea-mt.org.br\/portal\/wp-json\/wp\/v2\/users\/1"}],"replies":[{"embeddable":true,"href":"https:\/\/www.crea-mt.org.br\/portal\/wp-json\/wp\/v2\/comments?post=7285"}],"version-history":[{"count":0,"href":"https:\/\/www.crea-mt.org.br\/portal\/wp-json\/wp\/v2\/posts\/7285\/revisions"}],"wp:attachment":[{"href":"https:\/\/www.crea-mt.org.br\/portal\/wp-json\/wp\/v2\/media?parent=7285"}],"wp:term":[{"taxonomy":"category","embeddable":true,"href":"https:\/\/www.crea-mt.org.br\/portal\/wp-json\/wp\/v2\/categories?post=7285"},{"taxonomy":"post_tag","embeddable":true,"href":"https:\/\/www.crea-mt.org.br\/portal\/wp-json\/wp\/v2\/tags?post=7285"}],"curies":[{"name":"wp","href":"https:\/\/api.w.org\/{rel}","templated":true}]}}