{"id":7284,"date":"2007-01-24T00:00:00","date_gmt":"2007-01-24T02:00:00","guid":{"rendered":"https:\/\/crea-mt.org.br\/portal\/confea-e-cnpq-unem-se-para-fortalecer-engenharias\/"},"modified":"2007-01-24T00:00:00","modified_gmt":"2007-01-24T02:00:00","slug":"confea-e-cnpq-unem-se-para-fortalecer-engenharias","status":"publish","type":"post","link":"https:\/\/www.crea-mt.org.br\/portal\/confea-e-cnpq-unem-se-para-fortalecer-engenharias\/","title":{"rendered":"Confea e CNPq unem-se para fortalecer engenharias"},"content":{"rendered":"<p>\nO presidente do Conselho Nacional de Desenvolvimento Cient\u00edfico e Tecnol\u00f3gico (CNPq), Erney Plessmann de Camargo, demonstrou total receptividade ao projeto de fortalecimento das engenharias no pa\u00eds. Ele e o diretor de programas horizontais e instrumentais do CNPq, Jos\u00e9 Roberto Drugowich, receberam o presidente do Confea, Marcos T\u00falio de Melo, e outros representantes da casa nesta ter\u00e7a-feira, 21\/1.<\/p>\n<p>Marcos T\u00falio apresentou propostas de parceria com a ag\u00eancia e convidou o CNPq para participar da 3\u00aa edi\u00e7\u00e3o do Congresso Mundial de Engenheiros (WEC &#8211; World Engeneer&#8217;s Convention), que acontece em Bras\u00edlia, em 2008 e da 64\u00aa edi\u00e7\u00e3o da Semana Oficial da Engenharia, da Arquitetura e da Agronomia, que acontece em agosto de 2007, no Rio de Janeiro. Para Erney Camargo, o convite veio em boa hora. &#8220;O CNPq pretende fortalecer o apoio para a \u00e1rea tecnol\u00f3gica nos pr\u00f3ximos anos&#8221;, ressaltou.<\/p>\n<p>Conforme o presidente do Confea, a id\u00e9ia \u00e9 estreitar as rela\u00e7\u00f5es entre Conselho e CNPq. &#8220;Queremos uma aproxima\u00e7\u00e3o da academia nesse momento especial de reflex\u00e3o do futuro, n\u00e3o s\u00f3 pelo Plano de Acelera\u00e7\u00e3o do Crescimento (PAC) exposto nessa segunda-feira, mas de outros contextos em que a engenharia insere-se de forma intr\u00ednseca, j\u00e1 que ci\u00eancia e tecnologia s\u00e3o de fundamental import\u00e2ncia para o desenvolvimento do pa\u00eds&#8221;, destacou Marcos T\u00falio.<\/p>\n<p>Tamb\u00e9m participaram da reuni\u00e3o o vice-presidente do Confea, Paulo Bubach; o superintendente do Conselho, Adilson de Lara; o presidente do Conselho Regional de Rond\u00f4nia (Crea-RO) e o conselheiro federal Pedro Lopes.<\/p>\n<p><B>Mariana Zanatta<\/B><br \/>\nEquipe de Comunica\u00e7\u00e3o do Confea<\/p>\n","protected":false},"excerpt":{"rendered":"<p>O presidente do Conselho Nacional de Desenvolvimento Cient\u00edfico e Tecnol\u00f3gico (CNPq), Erney Plessmann de Camargo, demonstrou total receptividade ao projeto de fortalecimento das engenharias no pa\u00eds. Ele e o diretor de programas horizontais e instrumentais do CNPq, Jos\u00e9 Roberto Drugowich, receberam o presidente do Confea, Marcos T\u00falio de Melo, e outros representantes da casa nesta [&hellip;]<\/p>\n","protected":false},"author":1,"featured_media":0,"comment_status":"open","ping_status":"open","sticky":false,"template":"","format":"standard","meta":{"footnotes":""},"categories":[1],"tags":[],"class_list":["post-7284","post","type-post","status-publish","format-standard","hentry","category-noticias"],"acf":[],"_links":{"self":[{"href":"https:\/\/www.crea-mt.org.br\/portal\/wp-json\/wp\/v2\/posts\/7284","targetHints":{"allow":["GET"]}}],"collection":[{"href":"https:\/\/www.crea-mt.org.br\/portal\/wp-json\/wp\/v2\/posts"}],"about":[{"href":"https:\/\/www.crea-mt.org.br\/portal\/wp-json\/wp\/v2\/types\/post"}],"author":[{"embeddable":true,"href":"https:\/\/www.crea-mt.org.br\/portal\/wp-json\/wp\/v2\/users\/1"}],"replies":[{"embeddable":true,"href":"https:\/\/www.crea-mt.org.br\/portal\/wp-json\/wp\/v2\/comments?post=7284"}],"version-history":[{"count":0,"href":"https:\/\/www.crea-mt.org.br\/portal\/wp-json\/wp\/v2\/posts\/7284\/revisions"}],"wp:attachment":[{"href":"https:\/\/www.crea-mt.org.br\/portal\/wp-json\/wp\/v2\/media?parent=7284"}],"wp:term":[{"taxonomy":"category","embeddable":true,"href":"https:\/\/www.crea-mt.org.br\/portal\/wp-json\/wp\/v2\/categories?post=7284"},{"taxonomy":"post_tag","embeddable":true,"href":"https:\/\/www.crea-mt.org.br\/portal\/wp-json\/wp\/v2\/tags?post=7284"}],"curies":[{"name":"wp","href":"https:\/\/api.w.org\/{rel}","templated":true}]}}