{"id":7283,"date":"2007-01-24T00:00:00","date_gmt":"2007-01-24T02:00:00","guid":{"rendered":"https:\/\/crea-mt.org.br\/portal\/ministro-afirma-que-pais-tem-capacidade-energetica-para-sustentar-crescimento\/"},"modified":"2007-01-24T00:00:00","modified_gmt":"2007-01-24T02:00:00","slug":"ministro-afirma-que-pais-tem-capacidade-energetica-para-sustentar-crescimento","status":"publish","type":"post","link":"https:\/\/www.crea-mt.org.br\/portal\/ministro-afirma-que-pais-tem-capacidade-energetica-para-sustentar-crescimento\/","title":{"rendered":"Ministro afirma que pa\u00eds tem capacidade energ\u00e9tica para sustentar crescimento"},"content":{"rendered":"<p>Seja qual for o crescimento econ\u00f4mico do Brasil nos pr\u00f3ximos quatro anos, o pa\u00eds ter\u00e1 capacidade energ\u00e9tica para suportar e apoiar os novos investimentos. A afirma\u00e7\u00e3o \u00e9 do ministro de Minas e Energia, Silas Rondeau, em entrevista a emissoras de r\u00e1dio parceiras da Radiobr\u00e1s. <\/p>\n<p>&#8220;O setor el\u00e9trico e o setor de petr\u00f3leo, seguramente, s\u00e3o duas \u00e1reas da infra-estrutura brasileira que t\u00eam seu planejamento em pelo menos tr\u00eas alternativas: o crescimento esperado, modesto e crescimento mais acelerado. Temos mecanismos seguros de, enfrentar em tempo, qualquer que seja essa varia\u00e7\u00e3o&#8221;, disse o ministro. <\/p>\n<p>O Programa de Acelera\u00e7\u00e3o de Crescimento (PAC) destina R$ 274,8 bilh\u00f5es para investimento em infra-estrutura energ\u00e9tica. A maior parte das verbas &#8211; R$ 179 bilh\u00f5es &#8211; ser\u00e1 para investimento em petr\u00f3leo e g\u00e1s natural. <\/p>\n<p>A Petrobras entrar\u00e1 sozinha com R$ 148,7 bilh\u00f5es. O governo tamb\u00e9m contar\u00e1 com recursos privados para refor\u00e7ar os projetos na \u00e1rea de energia. <\/p>\n<p>De acordo com o PAC, na gera\u00e7\u00e3o de energia el\u00e9trica, ser\u00e3o investidos nos pr\u00f3ximos quatro anos R$ 65,9 bilh\u00f5es e, para transmiss\u00e3o, mais R$ 12,5 bilh\u00f5es.<\/p>\n<p><B>Roosewelt Pinheiro\/ABr<\/B><\/p>\n","protected":false},"excerpt":{"rendered":"<p>Seja qual for o crescimento econ\u00f4mico do Brasil nos pr\u00f3ximos quatro anos, o pa\u00eds ter\u00e1 capacidade energ\u00e9tica para suportar e apoiar os novos investimentos. A afirma\u00e7\u00e3o \u00e9 do ministro de Minas e Energia, Silas Rondeau, em entrevista a emissoras de r\u00e1dio parceiras da Radiobr\u00e1s. &#8220;O setor el\u00e9trico e o setor de petr\u00f3leo, seguramente, s\u00e3o duas [&hellip;]<\/p>\n","protected":false},"author":1,"featured_media":0,"comment_status":"open","ping_status":"open","sticky":false,"template":"","format":"standard","meta":{"footnotes":""},"categories":[1],"tags":[],"class_list":["post-7283","post","type-post","status-publish","format-standard","hentry","category-noticias"],"acf":[],"_links":{"self":[{"href":"https:\/\/www.crea-mt.org.br\/portal\/wp-json\/wp\/v2\/posts\/7283","targetHints":{"allow":["GET"]}}],"collection":[{"href":"https:\/\/www.crea-mt.org.br\/portal\/wp-json\/wp\/v2\/posts"}],"about":[{"href":"https:\/\/www.crea-mt.org.br\/portal\/wp-json\/wp\/v2\/types\/post"}],"author":[{"embeddable":true,"href":"https:\/\/www.crea-mt.org.br\/portal\/wp-json\/wp\/v2\/users\/1"}],"replies":[{"embeddable":true,"href":"https:\/\/www.crea-mt.org.br\/portal\/wp-json\/wp\/v2\/comments?post=7283"}],"version-history":[{"count":0,"href":"https:\/\/www.crea-mt.org.br\/portal\/wp-json\/wp\/v2\/posts\/7283\/revisions"}],"wp:attachment":[{"href":"https:\/\/www.crea-mt.org.br\/portal\/wp-json\/wp\/v2\/media?parent=7283"}],"wp:term":[{"taxonomy":"category","embeddable":true,"href":"https:\/\/www.crea-mt.org.br\/portal\/wp-json\/wp\/v2\/categories?post=7283"},{"taxonomy":"post_tag","embeddable":true,"href":"https:\/\/www.crea-mt.org.br\/portal\/wp-json\/wp\/v2\/tags?post=7283"}],"curies":[{"name":"wp","href":"https:\/\/api.w.org\/{rel}","templated":true}]}}