{"id":7282,"date":"2007-01-25T00:00:00","date_gmt":"2007-01-25T02:00:00","guid":{"rendered":"https:\/\/crea-mt.org.br\/portal\/pac-preve-reducao-do-que-e-pago-por-grandes-projetos-como-compensacao-ambiental\/"},"modified":"2007-01-25T00:00:00","modified_gmt":"2007-01-25T02:00:00","slug":"pac-preve-reducao-do-que-e-pago-por-grandes-projetos-como-compensacao-ambiental","status":"publish","type":"post","link":"https:\/\/www.crea-mt.org.br\/portal\/pac-preve-reducao-do-que-e-pago-por-grandes-projetos-como-compensacao-ambiental\/","title":{"rendered":"PAC prev\u00ea redu\u00e7\u00e3o do que \u00e9 pago por grandes projetos como compensa\u00e7\u00e3o ambiental"},"content":{"rendered":"<p>Um dos pontos previstos na regulamenta\u00e7\u00e3o do artigo 23 da Constitui\u00e7\u00e3o, que faz parte do PAC &#8211; Programa de Acelera\u00e7\u00e3o do Crescimento, \u00e9 a diminui\u00e7\u00e3o do teto da chamada &#8220;compensa\u00e7\u00e3o ambiental&#8221;, paga por empresas que fazem empreendimentos que gerem impacto ambiental. Atualmente, esse teto est\u00e1 em 5% e, segundo o presidente do Ibama, Marcus Barros, deve ser reduzido a menos da metade.<\/p>\n<p>&#8220;Isso \u00e9 uma coisa que contribui muito como um dos est\u00edmulos aos novos investimentos&#8221;, disse ele \u00e0 Ag\u00eancia Brasil.<\/p>\n<p>A compensa\u00e7\u00e3o ambiental \u00e9 calculada com base no valor do empreendimento e \u00e9 destinada \u00e0 preserva\u00e7\u00e3o das unidades de conserva\u00e7\u00e3o. Marcus Barros explicou que, mesmo com a redu\u00e7\u00e3o do valor pago, o total dos recursos \u00e9 suficiente para a administra\u00e7\u00e3o das unidades de conserva\u00e7\u00e3o. &#8220;Decididamente, fizemos uma avalia\u00e7\u00e3o e vimos que para os mega-empreendimentos o valor era muito alto e a gente podia muito bem administrar um valor que fosse at\u00e9 a metade desse valor anteriormente estipulado&#8221;, explicou ele.<\/p>\n<p>Al\u00e9m disso, segundo Barros, a redu\u00e7\u00e3o do valor ir\u00e1 evitar a inadimpl\u00eancia no pagamento da compensa\u00e7\u00e3o. &#8220;Agora n\u00e3o vai ter jeito. A gente ficava brigando com as grandes empresas porque o teto, decididamente, era muito alto. Segundo o c\u00e1lculo que fizemos, com o percentual de teto que \u00e9 a metade disso, em torno de 2%, conseguimos realmente distribuir e fazer implementar as unidades de conserva\u00e7\u00e3o&#8221;, disse.<\/p>\n<p><B>Priscilla Mazenotti\/ Ag\u00eancia Brasil<\/B><\/p>\n","protected":false},"excerpt":{"rendered":"<p>Um dos pontos previstos na regulamenta\u00e7\u00e3o do artigo 23 da Constitui\u00e7\u00e3o, que faz parte do PAC &#8211; Programa de Acelera\u00e7\u00e3o do Crescimento, \u00e9 a diminui\u00e7\u00e3o do teto da chamada &#8220;compensa\u00e7\u00e3o ambiental&#8221;, paga por empresas que fazem empreendimentos que gerem impacto ambiental. Atualmente, esse teto est\u00e1 em 5% e, segundo o presidente do Ibama, Marcus Barros, [&hellip;]<\/p>\n","protected":false},"author":1,"featured_media":0,"comment_status":"open","ping_status":"open","sticky":false,"template":"","format":"standard","meta":{"footnotes":""},"categories":[1],"tags":[],"class_list":["post-7282","post","type-post","status-publish","format-standard","hentry","category-noticias"],"acf":[],"_links":{"self":[{"href":"https:\/\/www.crea-mt.org.br\/portal\/wp-json\/wp\/v2\/posts\/7282","targetHints":{"allow":["GET"]}}],"collection":[{"href":"https:\/\/www.crea-mt.org.br\/portal\/wp-json\/wp\/v2\/posts"}],"about":[{"href":"https:\/\/www.crea-mt.org.br\/portal\/wp-json\/wp\/v2\/types\/post"}],"author":[{"embeddable":true,"href":"https:\/\/www.crea-mt.org.br\/portal\/wp-json\/wp\/v2\/users\/1"}],"replies":[{"embeddable":true,"href":"https:\/\/www.crea-mt.org.br\/portal\/wp-json\/wp\/v2\/comments?post=7282"}],"version-history":[{"count":0,"href":"https:\/\/www.crea-mt.org.br\/portal\/wp-json\/wp\/v2\/posts\/7282\/revisions"}],"wp:attachment":[{"href":"https:\/\/www.crea-mt.org.br\/portal\/wp-json\/wp\/v2\/media?parent=7282"}],"wp:term":[{"taxonomy":"category","embeddable":true,"href":"https:\/\/www.crea-mt.org.br\/portal\/wp-json\/wp\/v2\/categories?post=7282"},{"taxonomy":"post_tag","embeddable":true,"href":"https:\/\/www.crea-mt.org.br\/portal\/wp-json\/wp\/v2\/tags?post=7282"}],"curies":[{"name":"wp","href":"https:\/\/api.w.org\/{rel}","templated":true}]}}