{"id":7279,"date":"2007-01-25T00:00:00","date_gmt":"2007-01-25T02:00:00","guid":{"rendered":"https:\/\/crea-mt.org.br\/portal\/novas-canalizacoes-estao-proibidas-2\/"},"modified":"2007-01-25T00:00:00","modified_gmt":"2007-01-25T02:00:00","slug":"novas-canalizacoes-estao-proibidas-2","status":"publish","type":"post","link":"https:\/\/www.crea-mt.org.br\/portal\/novas-canalizacoes-estao-proibidas-2\/","title":{"rendered":"Novas canaliza\u00e7\u00f5es est\u00e3o proibidas"},"content":{"rendered":"<p>H\u00e1 diversos c\u00f3rregos canalizados que cortam a cidade. Foram projetados e constru\u00eddos 30 anos atr\u00e1s. Os &#8220;fatores de risco&#8221; considerados em seu c\u00e1lculo est\u00e3o se alterando, tanto \u00e9 fato que o talude do c\u00f3rego do Barbado foi destru\u00eddo em larga extens\u00e3o, ao longo da avenida Tancredo Neves, a partir do trevo da Universidade (Av. Fernando Correa), como nunca se tinha visto antes. <\/p>\n<p><B>Secom-PMC<\/B><\/p>\n","protected":false},"excerpt":{"rendered":"<p>H\u00e1 diversos c\u00f3rregos canalizados que cortam a cidade. Foram projetados e constru\u00eddos 30 anos atr\u00e1s. Os &#8220;fatores de risco&#8221; considerados em seu c\u00e1lculo est\u00e3o se alterando, tanto \u00e9 fato que o talude do c\u00f3rego do Barbado foi destru\u00eddo em larga extens\u00e3o, ao longo da avenida Tancredo Neves, a partir do trevo da Universidade (Av. Fernando [&hellip;]<\/p>\n","protected":false},"author":1,"featured_media":0,"comment_status":"open","ping_status":"open","sticky":false,"template":"","format":"standard","meta":{"footnotes":""},"categories":[1],"tags":[],"class_list":["post-7279","post","type-post","status-publish","format-standard","hentry","category-noticias"],"acf":[],"_links":{"self":[{"href":"https:\/\/www.crea-mt.org.br\/portal\/wp-json\/wp\/v2\/posts\/7279","targetHints":{"allow":["GET"]}}],"collection":[{"href":"https:\/\/www.crea-mt.org.br\/portal\/wp-json\/wp\/v2\/posts"}],"about":[{"href":"https:\/\/www.crea-mt.org.br\/portal\/wp-json\/wp\/v2\/types\/post"}],"author":[{"embeddable":true,"href":"https:\/\/www.crea-mt.org.br\/portal\/wp-json\/wp\/v2\/users\/1"}],"replies":[{"embeddable":true,"href":"https:\/\/www.crea-mt.org.br\/portal\/wp-json\/wp\/v2\/comments?post=7279"}],"version-history":[{"count":0,"href":"https:\/\/www.crea-mt.org.br\/portal\/wp-json\/wp\/v2\/posts\/7279\/revisions"}],"wp:attachment":[{"href":"https:\/\/www.crea-mt.org.br\/portal\/wp-json\/wp\/v2\/media?parent=7279"}],"wp:term":[{"taxonomy":"category","embeddable":true,"href":"https:\/\/www.crea-mt.org.br\/portal\/wp-json\/wp\/v2\/categories?post=7279"},{"taxonomy":"post_tag","embeddable":true,"href":"https:\/\/www.crea-mt.org.br\/portal\/wp-json\/wp\/v2\/tags?post=7279"}],"curies":[{"name":"wp","href":"https:\/\/api.w.org\/{rel}","templated":true}]}}