{"id":7274,"date":"2007-01-25T00:00:00","date_gmt":"2007-01-25T02:00:00","guid":{"rendered":"https:\/\/crea-mt.org.br\/portal\/construcoes-terao-reservatorio-para-agua-da-chuva\/"},"modified":"2007-01-25T00:00:00","modified_gmt":"2007-01-25T02:00:00","slug":"construcoes-terao-reservatorio-para-agua-da-chuva","status":"publish","type":"post","link":"https:\/\/www.crea-mt.org.br\/portal\/construcoes-terao-reservatorio-para-agua-da-chuva\/","title":{"rendered":"Constru\u00e7\u00f5es ter\u00e3o reservat\u00f3rio para \u00e1gua da chuva"},"content":{"rendered":"<p>\nUma lei j\u00e1 em vigor no Estado de S\u00e3o Paulo, mas que ainda depende de regulamenta\u00e7\u00e3o, obriga as novas constru\u00e7\u00f5es de grande porte, tanto comerciais quanto residenciais, a terem uma piscina para a capta\u00e7\u00e3o da \u00e1gua da chuva. Al\u00e9m de evitar enchentes, a obrigatoriedade pode ajudar tamb\u00e9m na economia de \u00e1gua.<\/p>\n<p>Segundo a lei, em im\u00f3veis de 500 metros quadrados ou mais que tenham o solo imperme\u00e1vel, \u00e9 obrigat\u00f3ria a utiliza\u00e7\u00e3o de um reservat\u00f3rio para receber \u00e1gua da chuva. O destino da \u00e1gua tamb\u00e9m \u00e9 de responsabilidade do dono da constru\u00e7\u00e3o e o tamanho das piscinas de capta\u00e7\u00e3o deve ser proporcional.<\/p>\n<p>A lei estabelece tr\u00eas possibilidades de reutiliza\u00e7\u00e3o da \u00e1gua: infiltr\u00e1-la no solo, despej\u00e1-la na rede p\u00fablica em um per\u00edodo de estiagem ou reaproveit\u00e1-la. &#8220;A \u00e1gua poder\u00e1 ser usada na cozinha, na higiene ou at\u00e9 mesmo na limpeza de cal\u00e7adas e na rega de jardins&#8221;, disse Carlos Eduardo Alencastre, diretor do Departamento de \u00c1guas e Energia El\u00e9trica (DAEE).<\/p>\n<p>J\u00e1 em estacionamentos, 30% da \u00e1rea deve ter piso que permita a infiltra\u00e7\u00e3o da \u00e1gua. Um dos produtos utilizados pode ser o cascalho, por exemplo. <\/p>\n<p>Novos projetos de engenharia e arquitetura dever\u00e3o ser aprovados de acordo com as regras estabelecidas pela lei. Empresas que faziam a capta\u00e7\u00e3o da \u00e1gua da chuva antes da aprova\u00e7\u00e3o da lei j\u00e1 t\u00eam resultados positivos. Em uma f\u00e1brica de bal\u00f5es, o sistema de reciclagem foi implantado h\u00e1 oito anos e ser\u00e1 ampliado. A utiliza\u00e7\u00e3o de \u00e1gua da rede caiu 40%, porque a \u00e1gua da chuva passou a ser reutilizada para lavar m\u00e1quinas, equipamentos e reservat\u00f3rios. O gasto com o projeto foi compensado em menos de um ano. &#8220;Al\u00e9m do benef\u00edcio ecol\u00f3gico, pois n\u00e3o precisamos captar \u00e1gua do Aq\u00fc\u00edfero Guarani, tamb\u00e9m n\u00e3o pagamos mais o afastamento da \u00e1gua cobrada como esgoto&#8221;, disse Antoninho Souza, gerente de produ\u00e7\u00e3o da empresa.<\/p>\n<p>A regulamenta\u00e7\u00e3o da lei pelo governo do Estado deve demorar cerca de 60 dias.<\/p>\n<p><b>Fonte:<\/B> EPTV<\/p>\n","protected":false},"excerpt":{"rendered":"<p>Uma lei j\u00e1 em vigor no Estado de S\u00e3o Paulo, mas que ainda depende de regulamenta\u00e7\u00e3o, obriga as novas constru\u00e7\u00f5es de grande porte, tanto comerciais quanto residenciais, a terem uma piscina para a capta\u00e7\u00e3o da \u00e1gua da chuva. Al\u00e9m de evitar enchentes, a obrigatoriedade pode ajudar tamb\u00e9m na economia de \u00e1gua. Segundo a lei, em [&hellip;]<\/p>\n","protected":false},"author":1,"featured_media":0,"comment_status":"open","ping_status":"open","sticky":false,"template":"","format":"standard","meta":{"footnotes":""},"categories":[1],"tags":[],"class_list":["post-7274","post","type-post","status-publish","format-standard","hentry","category-noticias"],"acf":[],"_links":{"self":[{"href":"https:\/\/www.crea-mt.org.br\/portal\/wp-json\/wp\/v2\/posts\/7274","targetHints":{"allow":["GET"]}}],"collection":[{"href":"https:\/\/www.crea-mt.org.br\/portal\/wp-json\/wp\/v2\/posts"}],"about":[{"href":"https:\/\/www.crea-mt.org.br\/portal\/wp-json\/wp\/v2\/types\/post"}],"author":[{"embeddable":true,"href":"https:\/\/www.crea-mt.org.br\/portal\/wp-json\/wp\/v2\/users\/1"}],"replies":[{"embeddable":true,"href":"https:\/\/www.crea-mt.org.br\/portal\/wp-json\/wp\/v2\/comments?post=7274"}],"version-history":[{"count":0,"href":"https:\/\/www.crea-mt.org.br\/portal\/wp-json\/wp\/v2\/posts\/7274\/revisions"}],"wp:attachment":[{"href":"https:\/\/www.crea-mt.org.br\/portal\/wp-json\/wp\/v2\/media?parent=7274"}],"wp:term":[{"taxonomy":"category","embeddable":true,"href":"https:\/\/www.crea-mt.org.br\/portal\/wp-json\/wp\/v2\/categories?post=7274"},{"taxonomy":"post_tag","embeddable":true,"href":"https:\/\/www.crea-mt.org.br\/portal\/wp-json\/wp\/v2\/tags?post=7274"}],"curies":[{"name":"wp","href":"https:\/\/api.w.org\/{rel}","templated":true}]}}