{"id":7270,"date":"2007-01-29T00:00:00","date_gmt":"2007-01-29T02:00:00","guid":{"rendered":"https:\/\/crea-mt.org.br\/portal\/oscar-niemeyer-prepara-monumento-a-bolivar\/"},"modified":"2007-01-29T00:00:00","modified_gmt":"2007-01-29T02:00:00","slug":"oscar-niemeyer-prepara-monumento-a-bolivar","status":"publish","type":"post","link":"https:\/\/www.crea-mt.org.br\/portal\/oscar-niemeyer-prepara-monumento-a-bolivar\/","title":{"rendered":"Oscar Niemeyer prepara monumento a Bol\u00edvar"},"content":{"rendered":"<p>\nA mais recente obra de Oscar Niemeyer \u00e9 o projeto de um monumento a Sim\u00f3n Bol\u00edvar que ser\u00e1 constru\u00eddo em Caracas, capital da Venezuela. O arquiteto contou que teve a id\u00e9ia ao receber a visita do presidente venezuelano, Hugo Ch\u00e1vez, na semana passada, durante a Reuni\u00e3o de C\u00fapula do Mercosul. &#8220;Ele n\u00e3o me pediu nada, mas achei que ficaria bem esta homenagem&#8221;, disse Niemeyer. &#8220;Ser\u00e1 um monumento com cem metros de altura, mas n\u00e3o mostro a ningu\u00e9m antes de Ch\u00e1vez v\u00ea-lo&#8221;, completou.<\/p>\n<p><B>Fonte: <\/B>Cruzeironet<\/p>\n","protected":false},"excerpt":{"rendered":"<p>A mais recente obra de Oscar Niemeyer \u00e9 o projeto de um monumento a Sim\u00f3n Bol\u00edvar que ser\u00e1 constru\u00eddo em Caracas, capital da Venezuela. O arquiteto contou que teve a id\u00e9ia ao receber a visita do presidente venezuelano, Hugo Ch\u00e1vez, na semana passada, durante a Reuni\u00e3o de C\u00fapula do Mercosul. &#8220;Ele n\u00e3o me pediu nada, [&hellip;]<\/p>\n","protected":false},"author":1,"featured_media":0,"comment_status":"open","ping_status":"open","sticky":false,"template":"","format":"standard","meta":{"footnotes":""},"categories":[1],"tags":[],"class_list":["post-7270","post","type-post","status-publish","format-standard","hentry","category-noticias"],"acf":[],"_links":{"self":[{"href":"https:\/\/www.crea-mt.org.br\/portal\/wp-json\/wp\/v2\/posts\/7270","targetHints":{"allow":["GET"]}}],"collection":[{"href":"https:\/\/www.crea-mt.org.br\/portal\/wp-json\/wp\/v2\/posts"}],"about":[{"href":"https:\/\/www.crea-mt.org.br\/portal\/wp-json\/wp\/v2\/types\/post"}],"author":[{"embeddable":true,"href":"https:\/\/www.crea-mt.org.br\/portal\/wp-json\/wp\/v2\/users\/1"}],"replies":[{"embeddable":true,"href":"https:\/\/www.crea-mt.org.br\/portal\/wp-json\/wp\/v2\/comments?post=7270"}],"version-history":[{"count":0,"href":"https:\/\/www.crea-mt.org.br\/portal\/wp-json\/wp\/v2\/posts\/7270\/revisions"}],"wp:attachment":[{"href":"https:\/\/www.crea-mt.org.br\/portal\/wp-json\/wp\/v2\/media?parent=7270"}],"wp:term":[{"taxonomy":"category","embeddable":true,"href":"https:\/\/www.crea-mt.org.br\/portal\/wp-json\/wp\/v2\/categories?post=7270"},{"taxonomy":"post_tag","embeddable":true,"href":"https:\/\/www.crea-mt.org.br\/portal\/wp-json\/wp\/v2\/tags?post=7270"}],"curies":[{"name":"wp","href":"https:\/\/api.w.org\/{rel}","templated":true}]}}