{"id":7269,"date":"2007-01-29T00:00:00","date_gmt":"2007-01-29T02:00:00","guid":{"rendered":"https:\/\/crea-mt.org.br\/portal\/poli-usp-cria-embalagem-comestivel-e-biodegradavel\/"},"modified":"2007-01-29T00:00:00","modified_gmt":"2007-01-29T02:00:00","slug":"poli-usp-cria-embalagem-comestivel-e-biodegradavel","status":"publish","type":"post","link":"https:\/\/www.crea-mt.org.br\/portal\/poli-usp-cria-embalagem-comestivel-e-biodegradavel\/","title":{"rendered":"Poli-USP cria embalagem comest\u00edvel e biodegrad\u00e1vel"},"content":{"rendered":"<p>\nUm filme pl\u00e1stico comest\u00edvel, biodegrad\u00e1vel e com propriedades antimicrobianas, desenvolvido na Escola Polit\u00e9cnica da Universidade de S\u00e3o Paulo (Poli-USP), poder\u00e1 ser uma nova op\u00e7\u00e3o para a fabrica\u00e7\u00e3o embalagens de alimentos. O novo produto, um pol\u00edmero natural feito a partir de amido de mandioca e a\u00e7\u00facares, \u00e9 resultado do projeto de p\u00f3s-doutorado da engenheira qu\u00edmica Cynthia Ditchfield, do Laborat\u00f3rio de Engenharia de Alimentos, do Departamento de Engenharia Qu\u00edmica da Poli. <\/p>\n<p>Segundo Cynthia, o novo pol\u00edmero poder\u00e1 ser usado para fabricar embalagens ativas, que apresentam vantagens em rela\u00e7\u00e3o \u00e0s convencionais. A principal delas \u00e9 que, al\u00e9m de proteger, elas interagem com o produto. &#8220;Existem muitos tipos de embalagens ativas&#8221;, diz Cynthia. &#8220;Como as antioxidantes que retardam a oxida\u00e7\u00e3o do produto, as que mostram se o produto passou por altera\u00e7\u00f5es de temperatura durante a estocagem e as antimicrobianas que evitam o crescimento de microrganismos e a degrada\u00e7\u00e3o do produto, entre outras&#8221;.<\/p>\n<p>Nesse projeto, Cynthia, que faz parte de uma equipe supervisionada pela professora Carmen Tadini, procurou criar uma embalagem que fosse biodegrad\u00e1vel e ativa ao mesmo tempo, j\u00e1 que a maioria dos outros estudos opta por uma ou outra dessas caracter\u00edsticas. Para isso, a pesquisadora acrescentou ingredientes naturais que atuam como antimicrobianos (inibem ou retardam o crescimento de microrganismos) ao filme base, de modo a ter uma embalagem que pudesse ser empregada para aumentar a vida de prateleira, principalmente de produtos aliment\u00edcios.<\/p>\n<p><b>Testes<\/B><\/p>\n<p>Foram testados v\u00e1rios compostos que s\u00e3o conhecidos por apresentar atividade antimicrobiana, como mel, extrato de pr\u00f3polis, cravo e canela em p\u00f3, \u00f3leo essencial de laranja e caf\u00e9. Os testes mostraram que, com a incorpora\u00e7\u00e3o desses ingredientes, a resist\u00eancia e a flexibilidade dos filmes podem ser alteradas, assim como a sua capacidade de prote\u00e7\u00e3o do produto em termos de barreira \u00e0 umidade. &#8220;Ainda precisamos aperfei\u00e7oar o pol\u00edmero nesses aspectos&#8221;, diz Cynthia.<\/p>\n<p>De acordo com a professora Carmen, o produto ainda n\u00e3o est\u00e1 pronto para ser industrializado. &#8220;Estamos na fase dos ensaios preliminares&#8221;, explica. &#8220;Estamos tentando otimizar sua fabrica\u00e7\u00e3o em n\u00edvel de laborat\u00f3rio de modo a melhorar seu desempenho como material de embalagem. Vencida esta etapa, outro grande desafio se apresentar\u00e1, que \u00e9 o desenvolvimento do processo de elabora\u00e7\u00e3o dos biofilmes em escala industrial&#8221;.<\/p>\n<p>Cynthia acredita, no entanto, que o filme possa vir a interessar \u00e0s empresas e trazer benef\u00edcios para o pa\u00eds. &#8220;O Brasil \u00e9 o segundo produtor mundial de mandioca e de sacarose, e ambos s\u00e3o empregados nessa embalagem&#8221;, explica. &#8220;Dentre os compostos antimicrobianos testados, o pa\u00eds produz e exporta todos eles. Por isso, o filme que desenvolvemos poderia agregar valor a produtos nacionais.&#8221;<\/p>\n<p><B>Vantagens<\/B><\/p>\n<p>A pesquisadora acrescenta que, al\u00e9m dos ganhos econ\u00f4micos, haveria tamb\u00e9m o benef\u00edcio ambiental da embalagem biodegrad\u00e1vel e comest\u00edvel, reduzindo a quantidade de lixo gerada. &#8220;Outro aspecto interessante seria a substitui\u00e7\u00e3o de conservantes sint\u00e9ticos, que s\u00e3o incorporados aos alimentos para aumentar a sua durabilidade, por compostos naturais que s\u00e3o mais seguros para o consumidor&#8221;, diz. <\/p>\n<p>O projeto foi desenvolvido com apoio da Funda\u00e7\u00e3o de Amparo \u00e0 Pesquisa do Estado de S\u00e3o Paulo (Fapesp) e de uma bolsa Prodoc, da Coordena\u00e7\u00e3o de Aperfei\u00e7oamento de Pessoal de N\u00edvel Superior do Minist\u00e9rio da Educa\u00e7\u00e3o (Capes).<\/p>\n<p><B>Fonte: <\/B>Cruzeiro do Sul \/ Cruzeironet<\/p>\n","protected":false},"excerpt":{"rendered":"<p>Um filme pl\u00e1stico comest\u00edvel, biodegrad\u00e1vel e com propriedades antimicrobianas, desenvolvido na Escola Polit\u00e9cnica da Universidade de S\u00e3o Paulo (Poli-USP), poder\u00e1 ser uma nova op\u00e7\u00e3o para a fabrica\u00e7\u00e3o embalagens de alimentos. O novo produto, um pol\u00edmero natural feito a partir de amido de mandioca e a\u00e7\u00facares, \u00e9 resultado do projeto de p\u00f3s-doutorado da engenheira qu\u00edmica Cynthia [&hellip;]<\/p>\n","protected":false},"author":1,"featured_media":0,"comment_status":"open","ping_status":"open","sticky":false,"template":"","format":"standard","meta":{"footnotes":""},"categories":[1],"tags":[],"class_list":["post-7269","post","type-post","status-publish","format-standard","hentry","category-noticias"],"acf":[],"_links":{"self":[{"href":"https:\/\/www.crea-mt.org.br\/portal\/wp-json\/wp\/v2\/posts\/7269","targetHints":{"allow":["GET"]}}],"collection":[{"href":"https:\/\/www.crea-mt.org.br\/portal\/wp-json\/wp\/v2\/posts"}],"about":[{"href":"https:\/\/www.crea-mt.org.br\/portal\/wp-json\/wp\/v2\/types\/post"}],"author":[{"embeddable":true,"href":"https:\/\/www.crea-mt.org.br\/portal\/wp-json\/wp\/v2\/users\/1"}],"replies":[{"embeddable":true,"href":"https:\/\/www.crea-mt.org.br\/portal\/wp-json\/wp\/v2\/comments?post=7269"}],"version-history":[{"count":0,"href":"https:\/\/www.crea-mt.org.br\/portal\/wp-json\/wp\/v2\/posts\/7269\/revisions"}],"wp:attachment":[{"href":"https:\/\/www.crea-mt.org.br\/portal\/wp-json\/wp\/v2\/media?parent=7269"}],"wp:term":[{"taxonomy":"category","embeddable":true,"href":"https:\/\/www.crea-mt.org.br\/portal\/wp-json\/wp\/v2\/categories?post=7269"},{"taxonomy":"post_tag","embeddable":true,"href":"https:\/\/www.crea-mt.org.br\/portal\/wp-json\/wp\/v2\/tags?post=7269"}],"curies":[{"name":"wp","href":"https:\/\/api.w.org\/{rel}","templated":true}]}}