{"id":7268,"date":"2007-01-30T00:00:00","date_gmt":"2007-01-30T02:00:00","guid":{"rendered":"https:\/\/crea-mt.org.br\/portal\/comissao-organizara-pccs-e-concurso-publico-para-o-crea-mt\/"},"modified":"2007-01-30T00:00:00","modified_gmt":"2007-01-30T02:00:00","slug":"comissao-organizara-pccs-e-concurso-publico-para-o-crea-mt","status":"publish","type":"post","link":"https:\/\/www.crea-mt.org.br\/portal\/comissao-organizara-pccs-e-concurso-publico-para-o-crea-mt\/","title":{"rendered":"Comiss\u00e3o organizar\u00e1 PCCS e Concurso P\u00fablico para o Crea-MT"},"content":{"rendered":"<p>Moderniza\u00e7\u00e3o administrativa garantir\u00e1 agilidade de gest\u00e3o e oportunidades de empregos<\/p>\n<p>Uma Comiss\u00e3o Especial constitu\u00edda em 15 de janeiro deste ano pela portaria 02\/07 j\u00e1 est\u00e1 trabalhando na elabora\u00e7\u00e3o do Plano de Cargos, Carreiras e Sal\u00e1rios (PCCS) dos funcion\u00e1rios do Conselho Regional de Engenharia, Arquitetura e Agronomia de Mato Groso (Crea-MT). A mesma comiss\u00e3o tamb\u00e9m organizar\u00e1 um Concurso P\u00fablico de provas para o Conselho. <\/p>\n<p>O n\u00famero de vagas e a data de publica\u00e7\u00e3o de editais ainda n\u00e3o est\u00e3o definidos conforme informa\u00e7\u00e3o do presidente do Crea-MT, Tarciso Bassan. &#8220;Constitu\u00edmos uma comiss\u00e3o de estudos que ir\u00e1 elaborar um Plano de Cargos, Carreiras e Sal\u00e1rios para o \u00f3rg\u00e3o e, somente depois \u00e9 que veremos a quantidade e em quais setores iremos abrir vagas&#8221;, declarou Bassan.<\/p>\n<p>O objetivo segundo o presidente do Crea-MT \u00e9 realizar um estudo sobre a melhor forma de enquadramento dos funcion\u00e1rios em um PCCS  tendo em vista que o \u00f3rg\u00e3o precisa preencher o seu quadro funcional e a \u00fanica forma \u00e9 pelo Concurso P\u00fablico, segundo a legisla\u00e7\u00e3o. &#8220;De acordo com a legisla\u00e7\u00e3o vigente \u00e9 imprescind\u00edvel a exist\u00eancia de um PCCS para ent\u00e3o oferecer as vagas em concurso&#8221;, explicou Tarciso Bassan.   <\/p>\n<p>Constituem a comiss\u00e3o a assessora da presid\u00eancia do \u00f3rg\u00e3o Eliane Helo\u00edsa Nunes da Silva, o gerente geral Juarez Silveira Samaniego, o chefe de gabinete Luzimar Pereira da Silva, o assessor parlamentar Hern\u00e1n Escudedro Gutierrez e a coordenadora do Departamento Pessoal Elinete Leite Magalh\u00e3es.<\/p>\n<p>De acordo com o condutor dos trabalhos, Hern\u00e1n Gutierrez, a comiss\u00e3o possui um calend\u00e1rio com seis reuni\u00f5es ordin\u00e1rias definidas para at\u00e9 meados de mar\u00e7o, quando est\u00e1 prevista a implanta\u00e7\u00e3o do PCCS e somente ap\u00f3s julho o in\u00edcio dos trabalhos poder\u00e1 ser implementado para a realiza\u00e7\u00e3o do concurso. &#8220;A contar a partir de 15 de janeiro temos um prazo de sessenta dias para apresentar \u00e0 presid\u00eancia o resultado preambular da elabora\u00e7\u00e3o desse PCCS&#8221;, informou Hern\u00e1n.<\/p>\n<p>O quadro atual do Crea-MT \u00e9 de 103 funcion\u00e1rios efetivos, 27 estagi\u00e1rios e 30 terceirizados. &#8220;Com a implanta\u00e7\u00e3o de um Plano de Cargos, Carreiras e Sal\u00e1rios e concurso p\u00fablico garantiremos uma gest\u00e3o moderna, abriremos novas oportunidades de emprego e, vamos dar mais qualidade ao funcionamento dos servi\u00e7os e a\u00e7\u00f5es do Crea&#8221;, argumentou Bassan.<\/p>\n<p>Vale ressaltar que ap\u00f3s elabora\u00e7\u00e3o e aprova\u00e7\u00e3o pela Diretoria e Plen\u00e1ria do \u00f3rg\u00e3o o edital para Concurso P\u00fablico do Crea-MT ser\u00e1 divulgado em Di\u00e1rio Oficial, jornais de circula\u00e7\u00e3o e site da institui\u00e7\u00e3o.<\/p>\n<p> &#8220;Vamos trabalhar em conjunto e \u00e0 medida que forem acontecendo os avan\u00e7os gerenciais do processo estaremos informando aos interessados. Haver\u00e1 um esfor\u00e7o para que o concurso aconte\u00e7a este ano&#8221;, concluiu Bassan.<\/p>\n<p>*Rafaela Maximiano<br \/>\nAssessoria\/Crea-MT<\/p>\n","protected":false},"excerpt":{"rendered":"<p>Moderniza\u00e7\u00e3o administrativa garantir\u00e1 agilidade de gest\u00e3o e oportunidades de empregos Uma Comiss\u00e3o Especial constitu\u00edda em 15 de janeiro deste ano pela portaria 02\/07 j\u00e1 est\u00e1 trabalhando na elabora\u00e7\u00e3o do Plano de Cargos, Carreiras e Sal\u00e1rios (PCCS) dos funcion\u00e1rios do Conselho Regional de Engenharia, Arquitetura e Agronomia de Mato Groso (Crea-MT). A mesma comiss\u00e3o tamb\u00e9m organizar\u00e1 [&hellip;]<\/p>\n","protected":false},"author":1,"featured_media":0,"comment_status":"open","ping_status":"open","sticky":false,"template":"","format":"standard","meta":{"footnotes":""},"categories":[1],"tags":[],"class_list":["post-7268","post","type-post","status-publish","format-standard","hentry","category-noticias"],"acf":[],"_links":{"self":[{"href":"https:\/\/www.crea-mt.org.br\/portal\/wp-json\/wp\/v2\/posts\/7268","targetHints":{"allow":["GET"]}}],"collection":[{"href":"https:\/\/www.crea-mt.org.br\/portal\/wp-json\/wp\/v2\/posts"}],"about":[{"href":"https:\/\/www.crea-mt.org.br\/portal\/wp-json\/wp\/v2\/types\/post"}],"author":[{"embeddable":true,"href":"https:\/\/www.crea-mt.org.br\/portal\/wp-json\/wp\/v2\/users\/1"}],"replies":[{"embeddable":true,"href":"https:\/\/www.crea-mt.org.br\/portal\/wp-json\/wp\/v2\/comments?post=7268"}],"version-history":[{"count":0,"href":"https:\/\/www.crea-mt.org.br\/portal\/wp-json\/wp\/v2\/posts\/7268\/revisions"}],"wp:attachment":[{"href":"https:\/\/www.crea-mt.org.br\/portal\/wp-json\/wp\/v2\/media?parent=7268"}],"wp:term":[{"taxonomy":"category","embeddable":true,"href":"https:\/\/www.crea-mt.org.br\/portal\/wp-json\/wp\/v2\/categories?post=7268"},{"taxonomy":"post_tag","embeddable":true,"href":"https:\/\/www.crea-mt.org.br\/portal\/wp-json\/wp\/v2\/tags?post=7268"}],"curies":[{"name":"wp","href":"https:\/\/api.w.org\/{rel}","templated":true}]}}