{"id":7264,"date":"2007-01-30T00:00:00","date_gmt":"2007-01-30T02:00:00","guid":{"rendered":"https:\/\/crea-mt.org.br\/portal\/ministerio-da-saude-contrata-empresa-de-engenharia\/"},"modified":"2007-01-30T00:00:00","modified_gmt":"2007-01-30T02:00:00","slug":"ministerio-da-saude-contrata-empresa-de-engenharia","status":"publish","type":"post","link":"https:\/\/www.crea-mt.org.br\/portal\/ministerio-da-saude-contrata-empresa-de-engenharia\/","title":{"rendered":"Minist\u00e9rio da Sa\u00fade contrata empresa de engenharia"},"content":{"rendered":"<p>Minist\u00e9rio da Sa\u00fade &#8211; MT <\/p>\n<p>Empresa de engenharia para execu\u00e7\u00e3o de obra de instala\u00e7\u00e3o de reservat\u00f3rio <\/p>\n<p>MINIST\u00c9RIO DA SA\u00daDE<br \/>\nFunda\u00e7\u00e3o Nacional de Sa\u00fade<br \/>\nCoordena\u00e7\u00e3o Regional de Mato Grosso<\/p>\n<p>Convite N\u00ba 1\/2007<br \/>\nObjeto: Contrata\u00e7\u00e3o de empresa de engenharia para execu\u00e7\u00e3o de obra de instala\u00e7\u00e3o de reservat\u00f3rio de \u00e1gua, com capacidade de 15 m\u00b3, na Aldeia Ind\u00edgena MICKY, no mun\u00edc\u00edpio de Brasnorte\/MT, com fornecimento de todos os materiais, conforme especifica\u00e7\u00f5es e quantitativos estabelecidos no Edital e seus Anexos.<br \/>\nEdital a partir de: 31\/01\/2007 das 08:00 \u00e0s 11:30 Hs e das 13:30 \u00e0s 17:30 Hs<br \/>\nEndere\u00e7o: Av. Get\u00falio Vargas, n.\u00a8 867. &#8211; Centro &#8211; Cuiab\u00e1 (MT)<br \/>\nTelefone: (0xx65) 36232200<br \/>\nFax: (0xx65) 36247690<br \/>\nEntrega da Proposta: 07\/02\/2007 \u00e0s 09h<\/p>\n<p><B>Fonte:<\/B> www.comprasnet.gov.br<\/p>\n","protected":false},"excerpt":{"rendered":"<p>Minist\u00e9rio da Sa\u00fade &#8211; MT Empresa de engenharia para execu\u00e7\u00e3o de obra de instala\u00e7\u00e3o de reservat\u00f3rio MINIST\u00c9RIO DA SA\u00daDE Funda\u00e7\u00e3o Nacional de Sa\u00fade Coordena\u00e7\u00e3o Regional de Mato Grosso Convite N\u00ba 1\/2007 Objeto: Contrata\u00e7\u00e3o de empresa de engenharia para execu\u00e7\u00e3o de obra de instala\u00e7\u00e3o de reservat\u00f3rio de \u00e1gua, com capacidade de 15 m\u00b3, na Aldeia Ind\u00edgena [&hellip;]<\/p>\n","protected":false},"author":1,"featured_media":0,"comment_status":"open","ping_status":"open","sticky":false,"template":"","format":"standard","meta":{"footnotes":""},"categories":[1],"tags":[],"class_list":["post-7264","post","type-post","status-publish","format-standard","hentry","category-noticias"],"acf":[],"_links":{"self":[{"href":"https:\/\/www.crea-mt.org.br\/portal\/wp-json\/wp\/v2\/posts\/7264","targetHints":{"allow":["GET"]}}],"collection":[{"href":"https:\/\/www.crea-mt.org.br\/portal\/wp-json\/wp\/v2\/posts"}],"about":[{"href":"https:\/\/www.crea-mt.org.br\/portal\/wp-json\/wp\/v2\/types\/post"}],"author":[{"embeddable":true,"href":"https:\/\/www.crea-mt.org.br\/portal\/wp-json\/wp\/v2\/users\/1"}],"replies":[{"embeddable":true,"href":"https:\/\/www.crea-mt.org.br\/portal\/wp-json\/wp\/v2\/comments?post=7264"}],"version-history":[{"count":0,"href":"https:\/\/www.crea-mt.org.br\/portal\/wp-json\/wp\/v2\/posts\/7264\/revisions"}],"wp:attachment":[{"href":"https:\/\/www.crea-mt.org.br\/portal\/wp-json\/wp\/v2\/media?parent=7264"}],"wp:term":[{"taxonomy":"category","embeddable":true,"href":"https:\/\/www.crea-mt.org.br\/portal\/wp-json\/wp\/v2\/categories?post=7264"},{"taxonomy":"post_tag","embeddable":true,"href":"https:\/\/www.crea-mt.org.br\/portal\/wp-json\/wp\/v2\/tags?post=7264"}],"curies":[{"name":"wp","href":"https:\/\/api.w.org\/{rel}","templated":true}]}}