{"id":7261,"date":"2007-01-31T00:00:00","date_gmt":"2007-01-31T02:00:00","guid":{"rendered":"https:\/\/crea-mt.org.br\/portal\/vi-dialogo-interamericano-sobre-gestao-das-aguas\/"},"modified":"2007-01-31T00:00:00","modified_gmt":"2007-01-31T02:00:00","slug":"vi-dialogo-interamericano-sobre-gestao-das-aguas","status":"publish","type":"post","link":"https:\/\/www.crea-mt.org.br\/portal\/vi-dialogo-interamericano-sobre-gestao-das-aguas\/","title":{"rendered":"VI Di\u00e1logo Interamericano sobre Gest\u00e3o das \u00c1guas"},"content":{"rendered":"<p>VI Di\u00e1logo Interamericano sobre Gest\u00e3o das \u00c1guas<br \/>\nCIUDAD DE GUATEMALA, GUATEMALA<br \/>\n12-17 de agosto de 2007<\/p>\n<p>Os Di\u00e1logos Interamericanos sobre Gest\u00e3o das \u00c1guas \u00e9 o evento mais<br \/>\nimportante da regi\u00e3o, que re\u00fane um amplo leque de atores, partes<br \/>\ninteressadas e profissionais da gest\u00e3o das \u00e1guas nas Am\u00e9ricas.<\/p>\n<p>O Di\u00e1logo-6 \u00e9 organizado pela Rede Interamericana de Recursos H\u00eddricos<br \/>\n(RIRH) e o Governo da Guatemala, com a colabora\u00e7\u00e3o de v\u00e1rias ag\u00eancias<br \/>\ninternacionais, organiza\u00e7\u00f5es da sociedade civil, institui\u00e7\u00f5es<br \/>\nacad\u00eamicas e setor privado. Abordar\u00e1 a necessidade de avan\u00e7ar &#8220;do<br \/>\nDi\u00e1logo \u00e0 A\u00e7\u00e3o: Fortalecendo Alian\u00e7as e Construindo as Bases para<br \/>\nAlcan\u00e7ar As Metas de Desenvolvimento do Mil\u00eanio&#8221;.<\/p>\n<p>O Di\u00e1logo baseia-se em ampla participa\u00e7\u00e3o com o objetivo de elaborar<br \/>\num elenco de recomenda\u00e7\u00f5es que ser\u00e3o enviadas aos tomadores de<br \/>\ndecis\u00f5es e formadores de opini\u00e3o &#8211; indiferentemente dos setores em que<br \/>\natuam.<\/p>\n<p>Construir tal alian\u00e7a significa mais do que simplesmente estar de<br \/>\nacordo com a divis\u00e3o de tarefas na luta por um objetivo comum, como a<br \/>\ngest\u00e3o das \u00e1guas e o desenvolvimento sustent\u00e1vel. Tamb\u00e9m significa<br \/>\nconvocar todos a participar da cruzada pelo manejo respons\u00e1vel dos<br \/>\nrecursos mais importantes que nossos pa\u00edses possuem: a \u00e1gua e sua gente.<\/p>\n<p>O Di\u00e1logo-6 conta com a colabora\u00e7\u00e3o da Organiza\u00e7\u00e3o dos Estados<br \/>\nAmericanos (OEA), a Organiza\u00e7\u00e3o das Na\u00e7\u00f5es Unidas para a Educa\u00e7\u00e3o, a<br \/>\nCi\u00eancia e a Cultura (UNESCO), o Banco Interamericano de<br \/>\nDesenvolvimento (BID), o Instituto Interamericano de Coopera\u00e7\u00e3o para a<br \/>\nAgricultura (IICA), o Centro de Estudos Ambientais da Fl\u00f3rida (CES),<br \/>\nentre muitas outras entidades e indiv\u00edduos que atuam na RIRH.<\/p>\n<p>Na Guatemala, o Di\u00e1logo-6 tem como anfitri\u00f5es a Presid\u00eancia da<br \/>\nRep\u00fablica, os Minist\u00e9rios da Agricultura, Pecu\u00e1ria e Alimenta\u00e7\u00e3o, do<br \/>\nMeio Ambiente e Recursos Naturais, da Sa\u00fade P\u00fablica e do Comissionado<br \/>\nNacional de \u00c1gua, entre outras entidades p\u00fablicas, privadas,<br \/>\nacad\u00eamicas e n\u00e3o governamentais.<\/p>\n<p>O D6 \u00e9 coordenado pela Unidade de Coopera\u00e7\u00e3o T\u00e9cnica para a Gest\u00e3o<br \/>\nIntegrada dos Recursos H\u00eddricos do Projeto MAGA-PARPA e a Secretaria<br \/>\nda RIRH, e conta com a valiosa colabora\u00e7\u00e3o de um Comit\u00ea Organizador<br \/>\nInternacional.<\/p>\n<p>Participe desta cruzada pelas \u00e1guas das Am\u00e9ricas e traga sua gota de<br \/>\nesfor\u00e7o para que nossos pa\u00edses possam fazer bom uso delas, para as<br \/>\ngera\u00e7\u00f5es presentes e futuras.<\/p>\n<p>Para saber mais visite: http:\/\/d6.iwrn.net<\/p>\n<p>Contato: Carlos Cobos e Alberto Palombo &#8211; e-mail: d6.coordinator@iwrn.net<\/p>\n","protected":false},"excerpt":{"rendered":"<p>VI Di\u00e1logo Interamericano sobre Gest\u00e3o das \u00c1guas CIUDAD DE GUATEMALA, GUATEMALA 12-17 de agosto de 2007 Os Di\u00e1logos Interamericanos sobre Gest\u00e3o das \u00c1guas \u00e9 o evento mais importante da regi\u00e3o, que re\u00fane um amplo leque de atores, partes interessadas e profissionais da gest\u00e3o das \u00e1guas nas Am\u00e9ricas. O Di\u00e1logo-6 \u00e9 organizado pela Rede Interamericana de [&hellip;]<\/p>\n","protected":false},"author":1,"featured_media":0,"comment_status":"open","ping_status":"open","sticky":false,"template":"","format":"standard","meta":{"footnotes":""},"categories":[1],"tags":[],"class_list":["post-7261","post","type-post","status-publish","format-standard","hentry","category-noticias"],"acf":[],"_links":{"self":[{"href":"https:\/\/www.crea-mt.org.br\/portal\/wp-json\/wp\/v2\/posts\/7261","targetHints":{"allow":["GET"]}}],"collection":[{"href":"https:\/\/www.crea-mt.org.br\/portal\/wp-json\/wp\/v2\/posts"}],"about":[{"href":"https:\/\/www.crea-mt.org.br\/portal\/wp-json\/wp\/v2\/types\/post"}],"author":[{"embeddable":true,"href":"https:\/\/www.crea-mt.org.br\/portal\/wp-json\/wp\/v2\/users\/1"}],"replies":[{"embeddable":true,"href":"https:\/\/www.crea-mt.org.br\/portal\/wp-json\/wp\/v2\/comments?post=7261"}],"version-history":[{"count":0,"href":"https:\/\/www.crea-mt.org.br\/portal\/wp-json\/wp\/v2\/posts\/7261\/revisions"}],"wp:attachment":[{"href":"https:\/\/www.crea-mt.org.br\/portal\/wp-json\/wp\/v2\/media?parent=7261"}],"wp:term":[{"taxonomy":"category","embeddable":true,"href":"https:\/\/www.crea-mt.org.br\/portal\/wp-json\/wp\/v2\/categories?post=7261"},{"taxonomy":"post_tag","embeddable":true,"href":"https:\/\/www.crea-mt.org.br\/portal\/wp-json\/wp\/v2\/tags?post=7261"}],"curies":[{"name":"wp","href":"https:\/\/api.w.org\/{rel}","templated":true}]}}