{"id":7255,"date":"2007-02-01T00:00:00","date_gmt":"2007-02-01T02:00:00","guid":{"rendered":"https:\/\/crea-mt.org.br\/portal\/fgv-vai-conduzir-projeto-de-concessao-da-sanecap\/"},"modified":"2007-02-01T00:00:00","modified_gmt":"2007-02-01T02:00:00","slug":"fgv-vai-conduzir-projeto-de-concessao-da-sanecap","status":"publish","type":"post","link":"https:\/\/www.crea-mt.org.br\/portal\/fgv-vai-conduzir-projeto-de-concessao-da-sanecap\/","title":{"rendered":"FGV vai conduzir projeto de concess\u00e3o da Sanecap"},"content":{"rendered":"<p>O prefeito Wilson Santos assina contrato com a Funda\u00e7\u00e3o Get\u00falio Vargas \u00e0s 14 horas de hoje (01). A institui\u00e7\u00e3o ser\u00e1 respons\u00e1vel pela elabora\u00e7\u00e3o do projeto de concess\u00e3o da Companhia de Saneamento da Capital (Sanecap).Dizem que, com a concess\u00e3o, ser\u00e1 poss\u00edvel investir na melhoria do abastecimento, despoluir completamente os rios Cuiab\u00e1 e Coxip\u00f3. Uma das principais a\u00e7\u00f5es no setor de esgoto ser\u00e1 a constru\u00e7\u00e3o das esta\u00e7\u00f5es de tratamento de esgoto do Ribeir\u00e3o do Lipa e do bairro Santa Isabel.<\/p>\n<p><B>Fonte: <\/B>24HorasNews<\/p>\n","protected":false},"excerpt":{"rendered":"<p>O prefeito Wilson Santos assina contrato com a Funda\u00e7\u00e3o Get\u00falio Vargas \u00e0s 14 horas de hoje (01). A institui\u00e7\u00e3o ser\u00e1 respons\u00e1vel pela elabora\u00e7\u00e3o do projeto de concess\u00e3o da Companhia de Saneamento da Capital (Sanecap).Dizem que, com a concess\u00e3o, ser\u00e1 poss\u00edvel investir na melhoria do abastecimento, despoluir completamente os rios Cuiab\u00e1 e Coxip\u00f3. Uma das principais [&hellip;]<\/p>\n","protected":false},"author":1,"featured_media":0,"comment_status":"open","ping_status":"open","sticky":false,"template":"","format":"standard","meta":{"footnotes":""},"categories":[1],"tags":[],"class_list":["post-7255","post","type-post","status-publish","format-standard","hentry","category-noticias"],"acf":[],"_links":{"self":[{"href":"https:\/\/www.crea-mt.org.br\/portal\/wp-json\/wp\/v2\/posts\/7255","targetHints":{"allow":["GET"]}}],"collection":[{"href":"https:\/\/www.crea-mt.org.br\/portal\/wp-json\/wp\/v2\/posts"}],"about":[{"href":"https:\/\/www.crea-mt.org.br\/portal\/wp-json\/wp\/v2\/types\/post"}],"author":[{"embeddable":true,"href":"https:\/\/www.crea-mt.org.br\/portal\/wp-json\/wp\/v2\/users\/1"}],"replies":[{"embeddable":true,"href":"https:\/\/www.crea-mt.org.br\/portal\/wp-json\/wp\/v2\/comments?post=7255"}],"version-history":[{"count":0,"href":"https:\/\/www.crea-mt.org.br\/portal\/wp-json\/wp\/v2\/posts\/7255\/revisions"}],"wp:attachment":[{"href":"https:\/\/www.crea-mt.org.br\/portal\/wp-json\/wp\/v2\/media?parent=7255"}],"wp:term":[{"taxonomy":"category","embeddable":true,"href":"https:\/\/www.crea-mt.org.br\/portal\/wp-json\/wp\/v2\/categories?post=7255"},{"taxonomy":"post_tag","embeddable":true,"href":"https:\/\/www.crea-mt.org.br\/portal\/wp-json\/wp\/v2\/tags?post=7255"}],"curies":[{"name":"wp","href":"https:\/\/api.w.org\/{rel}","templated":true}]}}