{"id":7247,"date":"2007-02-01T00:00:00","date_gmt":"2007-02-01T02:00:00","guid":{"rendered":"https:\/\/crea-mt.org.br\/portal\/niemeyer-exibe-projeto\/"},"modified":"2007-02-01T00:00:00","modified_gmt":"2007-02-01T02:00:00","slug":"niemeyer-exibe-projeto","status":"publish","type":"post","link":"https:\/\/www.crea-mt.org.br\/portal\/niemeyer-exibe-projeto\/","title":{"rendered":"Niemeyer Exibe Projeto"},"content":{"rendered":"<p>\n<B>Ch\u00e1vez &#8216;adorou&#8217; homenagem a her\u00f3i, diz arquiteto<\/B>  <\/p>\n<p>Hugo Ch\u00e1vez adorou o projeto do Monumento a Sim\u00f3n Bol\u00edvar, criado por Oscar Niemeyer, mas ainda n\u00e3o definiu quando e em que bairro de Caracas vai constru\u00ed-lo. A informa\u00e7\u00e3o \u00e9 do arquiteto, que ontem preparava um dossi\u00ea sobre a obra. Ele decidiu faz\u00ea-la ap\u00f3s receber a visita do presidente venezuelano em sua casa, h\u00e1 duas semanas, durante a c\u00fapula do Mercosul. &#8216;Conversamos muito e \u00e9 claro que os assuntos da pol\u00edtica prevaleceram. Ch\u00e1vez, entusiasmado com as vit\u00f3rias pol\u00edticas sucessivas que vem alcan\u00e7ando em seu pa\u00eds e eu nele reconhecendo o guerreiro corajoso e radical que faltava \u00e0 luta pela defesa da Am\u00e9rica Latina&#8217;, afirmou o arquiteto, por e-mail, ao Estado.<\/p>\n<p>Niemeyer desenhou o primeiro esbo\u00e7o no dia seguinte \u00e0 visita, embora Ch\u00e1vez n\u00e3o tenha feito sequer uma insinua\u00e7\u00e3o nesse sentido. &#8216;Quis agrad\u00e1-lo, s\u00f3 isso. Se o monumento ser\u00e1 constru\u00eddo ou n\u00e3o \u00e9 outra hist\u00f3ria. A\u00ed fica ao crit\u00e9rio dele e da Venezuela&#8217;, disse o arquiteto. O monumento ter\u00e1 170 metros de extens\u00e3o, elevando-se a 100 metros de altura, tr\u00eas vezes mais alto que o Cristo Redentor. \u00c9 uma pir\u00e2mide inclinada, apontando para os EUA, no meio de uma l\u00e2mina d&#8217;\u00e1gua, com uma rampa em espiral para acesso ao sal\u00e3o que abrigar\u00e1 o Museu Sim\u00f3n Bol\u00edvar. Para quem v\u00ea uma plataforma de lan\u00e7amento de m\u00edsseis, Niemeyer responde: &#8216;A forma e as dimens\u00f5es adotadas s\u00e3o t\u00e3o puras e simples que n\u00e3o oferecer\u00e3o qualquer problema especial.&#8217;<\/p>\n<p><B>Fonte:  <\/B> Jornal O Estado de S\u00e3o Paulo<\/p>\n","protected":false},"excerpt":{"rendered":"<p>Ch\u00e1vez &#8216;adorou&#8217; homenagem a her\u00f3i, diz arquiteto Hugo Ch\u00e1vez adorou o projeto do Monumento a Sim\u00f3n Bol\u00edvar, criado por Oscar Niemeyer, mas ainda n\u00e3o definiu quando e em que bairro de Caracas vai constru\u00ed-lo. A informa\u00e7\u00e3o \u00e9 do arquiteto, que ontem preparava um dossi\u00ea sobre a obra. Ele decidiu faz\u00ea-la ap\u00f3s receber a visita do [&hellip;]<\/p>\n","protected":false},"author":1,"featured_media":0,"comment_status":"open","ping_status":"open","sticky":false,"template":"","format":"standard","meta":{"footnotes":""},"categories":[1],"tags":[],"class_list":["post-7247","post","type-post","status-publish","format-standard","hentry","category-noticias"],"acf":[],"_links":{"self":[{"href":"https:\/\/www.crea-mt.org.br\/portal\/wp-json\/wp\/v2\/posts\/7247","targetHints":{"allow":["GET"]}}],"collection":[{"href":"https:\/\/www.crea-mt.org.br\/portal\/wp-json\/wp\/v2\/posts"}],"about":[{"href":"https:\/\/www.crea-mt.org.br\/portal\/wp-json\/wp\/v2\/types\/post"}],"author":[{"embeddable":true,"href":"https:\/\/www.crea-mt.org.br\/portal\/wp-json\/wp\/v2\/users\/1"}],"replies":[{"embeddable":true,"href":"https:\/\/www.crea-mt.org.br\/portal\/wp-json\/wp\/v2\/comments?post=7247"}],"version-history":[{"count":0,"href":"https:\/\/www.crea-mt.org.br\/portal\/wp-json\/wp\/v2\/posts\/7247\/revisions"}],"wp:attachment":[{"href":"https:\/\/www.crea-mt.org.br\/portal\/wp-json\/wp\/v2\/media?parent=7247"}],"wp:term":[{"taxonomy":"category","embeddable":true,"href":"https:\/\/www.crea-mt.org.br\/portal\/wp-json\/wp\/v2\/categories?post=7247"},{"taxonomy":"post_tag","embeddable":true,"href":"https:\/\/www.crea-mt.org.br\/portal\/wp-json\/wp\/v2\/tags?post=7247"}],"curies":[{"name":"wp","href":"https:\/\/api.w.org\/{rel}","templated":true}]}}