{"id":7246,"date":"2007-02-01T00:00:00","date_gmt":"2007-02-01T02:00:00","guid":{"rendered":"https:\/\/crea-mt.org.br\/portal\/saneamento-e-ambiente\/"},"modified":"2007-02-01T00:00:00","modified_gmt":"2007-02-01T02:00:00","slug":"saneamento-e-ambiente","status":"publish","type":"post","link":"https:\/\/www.crea-mt.org.br\/portal\/saneamento-e-ambiente\/","title":{"rendered":"Saneamento e ambiente"},"content":{"rendered":"<p>Lendo o jornal nesta semana, um artigo me chamou a aten\u00e7\u00e3o. O texto falava de uma pesquisa realizada com quase 12 mil pessoas que elegeram as medidas de saneamento b\u00e1sico como a mais importante conquista m\u00e9dica dos \u00faltimos 150 anos. <\/p>\n<p>A pesquisa mostrou que o sistema de coleta e tratamento de esgoto, uma forma de combate \u00e0s doen\u00e7as transmitidas pela \u00e1gua, foi a iniciativa mais importante do \u00faltimo s\u00e9culo e meio na \u00e1rea m\u00e9dica &#8211; superando os antibi\u00f3ticos, a anestesia e a descoberta do DNA! A pesquisa mostra que o melhor ataque ainda \u00e9 a defesa, pr\u00e9via.<\/p>\n<p>E o que isso tem a ver com meio ambiente? <\/p>\n<p>Tem muito a ver. Para citar um exemplo: as liga\u00e7\u00f5es de esgotos irregulares no Litoral paranaense.<\/p>\n<p>O governo do Estado, atrav\u00e9s da Sanepar, est\u00e1 fazendo a sua parte investindo R$ 200 milh\u00f5es em saneamento b\u00e1sico e implantando mais de 176 mil metros de redes coletoras de esgoto nos munic\u00edpios litor\u00e2neos. <\/p>\n<p>Em 2004, a Sanepar tamb\u00e9m baixou em 88% a taxa de liga\u00e7\u00e3o de esgoto -de R$ 121,19 para R$ 14,80 &#8211; para facilitar o acesso ao servi\u00e7o ao maior n\u00famero de pessoas. O valor ainda pode ser parcelado em at\u00e9 seis vezes e para os inscritos na Tarifa Social da Sanepar, em at\u00e9 12 vezes.<\/p>\n<p>Apesar de todo este esfor\u00e7o por parte do governo, ainda sofremos quando fortes chuvas atingem nossas praias &#8211; como nesta semana em que os pontos impr\u00f3prios para banho aumentaram significativamente. <\/p>\n<p>Isso acontece porque mesmo com a oferta de redes coletoras, muitos propriet\u00e1rios de im\u00f3veis no Litoral paranaense insistem em fazer (ou manter) liga\u00e7\u00f5es irregulares de esgoto, despejando quilos de sujeira diretamente nas galerias pluviais &#8211; que deveriam ser utilizadas apenas para escoar a \u00e1gua da chuva para o mar. <\/p>\n<p>Com a polui\u00e7\u00e3o das galerias, elas acabam levando junto com a \u00e1gua da chuva &#8216;presentes&#8217; como a bact\u00e9ria escherichias coli, que indica a presen\u00e7a de coliformes fecais e provocam doen\u00e7as como c\u00f3lera, hepatite A e febre tif\u00f3ide.<\/p>\n<p>N\u00e3o podemos responsabilizar S\u00e3o Pedro pela qualidade das nossas \u00e1guas. Podemos responsabilizar estes propriet\u00e1rios que continuam entupindo as galerias, provocando enchentes e direcionando para o mar coisas que deveriam estar no sistema coletor de esgotos ou dentro de fossas s\u00e9pticas adequadas. <\/p>\n<p>Afirmo com toda a certeza que quando as redes estiverem completamente implantadas e todos os propriet\u00e1rios estiverem com as liga\u00e7\u00f5es regulares ou fossas adequadas, a qualidade da \u00e1gua do Paran\u00e1 ser\u00e1 pr\u00f3pria para banho nos 96 quil\u00f4metros de orla &#8211; e n\u00e3o apenas em 9 quil\u00f4metros. <\/p>\n<p>Afirmo tamb\u00e9m que n\u00e3o teremos problemas com as chuvas. Elas carregar\u00e3o para o mar, apenas mais \u00e1gua. E n\u00e3o doen\u00e7as que nos fazem precisar das importantes conquistas m\u00e9dicas.<\/p>\n<p><B>Fonte:<\/B> \u00c1gua Online<\/p>\n","protected":false},"excerpt":{"rendered":"<p>Lendo o jornal nesta semana, um artigo me chamou a aten\u00e7\u00e3o. O texto falava de uma pesquisa realizada com quase 12 mil pessoas que elegeram as medidas de saneamento b\u00e1sico como a mais importante conquista m\u00e9dica dos \u00faltimos 150 anos. A pesquisa mostrou que o sistema de coleta e tratamento de esgoto, uma forma de [&hellip;]<\/p>\n","protected":false},"author":1,"featured_media":0,"comment_status":"open","ping_status":"open","sticky":false,"template":"","format":"standard","meta":{"footnotes":""},"categories":[1],"tags":[],"class_list":["post-7246","post","type-post","status-publish","format-standard","hentry","category-noticias"],"acf":[],"_links":{"self":[{"href":"https:\/\/www.crea-mt.org.br\/portal\/wp-json\/wp\/v2\/posts\/7246","targetHints":{"allow":["GET"]}}],"collection":[{"href":"https:\/\/www.crea-mt.org.br\/portal\/wp-json\/wp\/v2\/posts"}],"about":[{"href":"https:\/\/www.crea-mt.org.br\/portal\/wp-json\/wp\/v2\/types\/post"}],"author":[{"embeddable":true,"href":"https:\/\/www.crea-mt.org.br\/portal\/wp-json\/wp\/v2\/users\/1"}],"replies":[{"embeddable":true,"href":"https:\/\/www.crea-mt.org.br\/portal\/wp-json\/wp\/v2\/comments?post=7246"}],"version-history":[{"count":0,"href":"https:\/\/www.crea-mt.org.br\/portal\/wp-json\/wp\/v2\/posts\/7246\/revisions"}],"wp:attachment":[{"href":"https:\/\/www.crea-mt.org.br\/portal\/wp-json\/wp\/v2\/media?parent=7246"}],"wp:term":[{"taxonomy":"category","embeddable":true,"href":"https:\/\/www.crea-mt.org.br\/portal\/wp-json\/wp\/v2\/categories?post=7246"},{"taxonomy":"post_tag","embeddable":true,"href":"https:\/\/www.crea-mt.org.br\/portal\/wp-json\/wp\/v2\/tags?post=7246"}],"curies":[{"name":"wp","href":"https:\/\/api.w.org\/{rel}","templated":true}]}}