{"id":7242,"date":"2007-02-05T00:00:00","date_gmt":"2007-02-05T02:00:00","guid":{"rendered":"https:\/\/crea-mt.org.br\/portal\/mapa-divulga-data-horarios-e-locais-das-provas-do-concurso\/"},"modified":"2007-02-05T00:00:00","modified_gmt":"2007-02-05T02:00:00","slug":"mapa-divulga-data-horarios-e-locais-das-provas-do-concurso","status":"publish","type":"post","link":"https:\/\/www.crea-mt.org.br\/portal\/mapa-divulga-data-horarios-e-locais-das-provas-do-concurso\/","title":{"rendered":"Mapa divulga data, hor\u00e1rios e locais das provas do concurso"},"content":{"rendered":"<p><B>As provas ser\u00e3o realizadas no pr\u00f3ximo domingo (04\/02), a partir das 14h. <\/B><\/p>\n<p>O Di\u00e1rio Oficial da Uni\u00e3o (D.O.U) publicou hoje (01\/02) o dia, locais e hor\u00e1rios das provas objetivas e discursivas para o concurso de fiscal federal agropecu\u00e1rio do Minist\u00e9rio da Agricultura, Pecu\u00e1ria e Abastecimento (Mapa).  Os candidatos inscritos devem chegar ao local do concurso \u00e0s 13h, uma hora antes do in\u00edcio do teste. O hor\u00e1rio das provas em cada cidade pode ser conferido no D.O.U pelo endere\u00e7o eletr\u00f4nico www.in.gov.br.<\/p>\n<p>O concurso oferece 390 vagas para a fun\u00e7\u00e3o de fiscal agropecu\u00e1rio aos candidatos com forma\u00e7\u00e3o acad\u00eamica de agr\u00f4nomo, farmac\u00eautico, veterin\u00e1rio, qu\u00edmico e zootecnista. A remunera\u00e7\u00e3o inicial \u00e9 de R$ 4.741,87. S\u00e3o 170 vagas para m\u00e9dicos veterin\u00e1rios, 171 para engenheiros agr\u00f4nomos, 26 para zootecnistas, 14 para farmac\u00eauticos e 9 para qu\u00edmicos. Concorrem 34 mil 807 candidatos, sendo 202 deficientes.  <\/p>\n<p>O edital do concurso pode ser encontrado no Di\u00e1rio Oficial da Uni\u00e3o no site da Imprensa Nacional, www.in.gov.br, ou pelo endere\u00e7o eletr\u00f4nico do Mapa www.agricultura.gov.br, nas se\u00e7\u00f5es Servi\u00e7os ou Sislegis. No anexo, est\u00e3o relacionadas as cidades onde se encontram os novos postos de trabalho  e os elementos de avalia\u00e7\u00e3o da prova, entre outras informa\u00e7\u00f5es. O resultado est\u00e1 previsto para o dia 19 de mar\u00e7o.<\/p>\n<p><B>Fonte:<\/B> Assessoria de Imprensa do Mapa<\/p>\n","protected":false},"excerpt":{"rendered":"<p>As provas ser\u00e3o realizadas no pr\u00f3ximo domingo (04\/02), a partir das 14h. O Di\u00e1rio Oficial da Uni\u00e3o (D.O.U) publicou hoje (01\/02) o dia, locais e hor\u00e1rios das provas objetivas e discursivas para o concurso de fiscal federal agropecu\u00e1rio do Minist\u00e9rio da Agricultura, Pecu\u00e1ria e Abastecimento (Mapa). Os candidatos inscritos devem chegar ao local do concurso [&hellip;]<\/p>\n","protected":false},"author":1,"featured_media":0,"comment_status":"open","ping_status":"open","sticky":false,"template":"","format":"standard","meta":{"footnotes":""},"categories":[1],"tags":[],"class_list":["post-7242","post","type-post","status-publish","format-standard","hentry","category-noticias"],"acf":[],"_links":{"self":[{"href":"https:\/\/www.crea-mt.org.br\/portal\/wp-json\/wp\/v2\/posts\/7242","targetHints":{"allow":["GET"]}}],"collection":[{"href":"https:\/\/www.crea-mt.org.br\/portal\/wp-json\/wp\/v2\/posts"}],"about":[{"href":"https:\/\/www.crea-mt.org.br\/portal\/wp-json\/wp\/v2\/types\/post"}],"author":[{"embeddable":true,"href":"https:\/\/www.crea-mt.org.br\/portal\/wp-json\/wp\/v2\/users\/1"}],"replies":[{"embeddable":true,"href":"https:\/\/www.crea-mt.org.br\/portal\/wp-json\/wp\/v2\/comments?post=7242"}],"version-history":[{"count":0,"href":"https:\/\/www.crea-mt.org.br\/portal\/wp-json\/wp\/v2\/posts\/7242\/revisions"}],"wp:attachment":[{"href":"https:\/\/www.crea-mt.org.br\/portal\/wp-json\/wp\/v2\/media?parent=7242"}],"wp:term":[{"taxonomy":"category","embeddable":true,"href":"https:\/\/www.crea-mt.org.br\/portal\/wp-json\/wp\/v2\/categories?post=7242"},{"taxonomy":"post_tag","embeddable":true,"href":"https:\/\/www.crea-mt.org.br\/portal\/wp-json\/wp\/v2\/tags?post=7242"}],"curies":[{"name":"wp","href":"https:\/\/api.w.org\/{rel}","templated":true}]}}