{"id":7239,"date":"2007-02-05T00:00:00","date_gmt":"2007-02-05T02:00:00","guid":{"rendered":"https:\/\/crea-mt.org.br\/portal\/concurso-de-arquitetura-vai-escolher-projeto-para-construcao-de-teatro-em-londrina-pr\/"},"modified":"2007-02-05T00:00:00","modified_gmt":"2007-02-05T02:00:00","slug":"concurso-de-arquitetura-vai-escolher-projeto-para-construcao-de-teatro-em-londrina-pr","status":"publish","type":"post","link":"https:\/\/www.crea-mt.org.br\/portal\/concurso-de-arquitetura-vai-escolher-projeto-para-construcao-de-teatro-em-londrina-pr\/","title":{"rendered":"Concurso de Arquitetura vai escolher projeto para constru\u00e7\u00e3o de teatro em Londrina-PR"},"content":{"rendered":"<p>O Instituto de Arquitetos do Brasil &#8211; Departamento Paran\u00e1 est\u00e1 organizando o Concurso P\u00fablico Nacional de Arquitetura para a sele\u00e7\u00e3o do anteprojeto do Teatro Municipal de Londrina. A obra, um anseio de 60 anos da cidade, ser\u00e1 um complexo cultural com \u00e1rea estimada em 15 mil metros quadrados constru\u00eddos, integrado por tr\u00eas salas de espet\u00e1culo: um grande audit\u00f3rio com palco tipo italiano e fosso de orquestra com 1.200 lugares; uma sala m\u00e9dia com palco italiano com 400 lugares; e uma sala multifuncional para espet\u00e1culos experimentais com capacidade para 300 lugares.<\/p>\n<p>A ado\u00e7\u00e3o dos concursos p\u00fablicos como forma de licita\u00e7\u00e3o para a obten\u00e7\u00e3o dos projetos de arquitetura e urbanismo foi uma recomenda\u00e7\u00e3o da ONU a todos os seus pa\u00edses membros, ap\u00f3s delibera\u00e7\u00e3o da XX Confer\u00eancia Geral para a Educa\u00e7\u00e3o, a Ci\u00eancia e a Cultura. No Brasil, a Lei 8.666\/93 determina que a contrata\u00e7\u00e3o de projetos de arquitetura para obras p\u00fablicas seja feita, preferencialmente, atrav\u00e9s de concurso.<\/p>\n<p>De acordo com o presidente do IAB-PR, arquiteto Jo\u00e3o V. Suplicy Neto, as recomenda\u00e7\u00f5es, tanto da ONU como da legisla\u00e7\u00e3o brasileira, al\u00e9m de conferir maior lisura e transpar\u00eancia \u00e0 contrata\u00e7\u00e3o dos servi\u00e7os de arquitetura e urbanismo, t\u00eam como objetivos a qualifica\u00e7\u00e3o dos espa\u00e7os p\u00fablicos atrav\u00e9s de projetos escolhidos por crit\u00e9rio de qualidade; o incentivo ao desenvolvimento tecnol\u00f3gico e cultural; a renova\u00e7\u00e3o das refer\u00eancias arquitet\u00f4nicas e ainda a democratiza\u00e7\u00e3o do acesso ao trabalho.<\/p>\n<p>As inscri\u00e7\u00f5es para o Concurso P\u00fablico Nacional de Arquitetura para escolha do projeto do Teatro Municipal de Londrina v\u00e3o at\u00e9 o dia 25 de fevereiro. O trabalho vencedor receber\u00e1 um pr\u00eamio de R$ 70 mil (al\u00e9m de R$ 600 mil para a contrata\u00e7\u00e3o do desenvolvimento do projeto executivo completo), e os outros quatro selecionados ganhar\u00e3o R$ 40 mil, R$ 20 mil, R$ 10 mil e R$ 5 mil, respectivamente. Mais informa\u00e7\u00f5es sobre o concurso poder\u00e3o ser obtidas atrav\u00e9s do site www.iabpr.org.br.<\/p>\n","protected":false},"excerpt":{"rendered":"<p>O Instituto de Arquitetos do Brasil &#8211; Departamento Paran\u00e1 est\u00e1 organizando o Concurso P\u00fablico Nacional de Arquitetura para a sele\u00e7\u00e3o do anteprojeto do Teatro Municipal de Londrina. A obra, um anseio de 60 anos da cidade, ser\u00e1 um complexo cultural com \u00e1rea estimada em 15 mil metros quadrados constru\u00eddos, integrado por tr\u00eas salas de espet\u00e1culo: [&hellip;]<\/p>\n","protected":false},"author":1,"featured_media":0,"comment_status":"open","ping_status":"open","sticky":false,"template":"","format":"standard","meta":{"footnotes":""},"categories":[1],"tags":[],"class_list":["post-7239","post","type-post","status-publish","format-standard","hentry","category-noticias"],"acf":[],"_links":{"self":[{"href":"https:\/\/www.crea-mt.org.br\/portal\/wp-json\/wp\/v2\/posts\/7239","targetHints":{"allow":["GET"]}}],"collection":[{"href":"https:\/\/www.crea-mt.org.br\/portal\/wp-json\/wp\/v2\/posts"}],"about":[{"href":"https:\/\/www.crea-mt.org.br\/portal\/wp-json\/wp\/v2\/types\/post"}],"author":[{"embeddable":true,"href":"https:\/\/www.crea-mt.org.br\/portal\/wp-json\/wp\/v2\/users\/1"}],"replies":[{"embeddable":true,"href":"https:\/\/www.crea-mt.org.br\/portal\/wp-json\/wp\/v2\/comments?post=7239"}],"version-history":[{"count":0,"href":"https:\/\/www.crea-mt.org.br\/portal\/wp-json\/wp\/v2\/posts\/7239\/revisions"}],"wp:attachment":[{"href":"https:\/\/www.crea-mt.org.br\/portal\/wp-json\/wp\/v2\/media?parent=7239"}],"wp:term":[{"taxonomy":"category","embeddable":true,"href":"https:\/\/www.crea-mt.org.br\/portal\/wp-json\/wp\/v2\/categories?post=7239"},{"taxonomy":"post_tag","embeddable":true,"href":"https:\/\/www.crea-mt.org.br\/portal\/wp-json\/wp\/v2\/tags?post=7239"}],"curies":[{"name":"wp","href":"https:\/\/api.w.org\/{rel}","templated":true}]}}