{"id":7237,"date":"2007-02-06T00:00:00","date_gmt":"2007-02-06T02:00:00","guid":{"rendered":"https:\/\/crea-mt.org.br\/portal\/pac-vai-expandir-setor-energetico-do-pais\/"},"modified":"2007-02-06T00:00:00","modified_gmt":"2007-02-06T02:00:00","slug":"pac-vai-expandir-setor-energetico-do-pais","status":"publish","type":"post","link":"https:\/\/www.crea-mt.org.br\/portal\/pac-vai-expandir-setor-energetico-do-pais\/","title":{"rendered":"PAC vai expandir setor energ\u00e9tico do Pa\u00eds"},"content":{"rendered":"<p>\nOs investimentos do Programa de Acelera\u00e7\u00e3o do Crescimento (PAC) em infra-estrutura energ\u00e9tica v\u00e3o assegurar ao Pa\u00eds o suprimento de energia el\u00e9trica e o abastecimento de petr\u00f3leo, g\u00e1s natural e combust\u00edveis renov\u00e1veis. S\u00e3o projetos que t\u00eam como meta recuperar a infra-estrutura existente, concluir os projetos em andamento e viabilizar novos empreendimentos, igualmente expressivos para o Brasil. <\/p>\n<p>Outro ponto de grande import\u00e2ncia \u00e9 que as medidas adotadas pelo Programa dever\u00e3o reduzir o pre\u00e7o das tarifas para o consumidor. Segundo o ministro de Minas e Energia, Silas Rondeau, o pre\u00e7o das novas energias contratadas deve ter um custo 20% mais barato. &#8220;Se n\u00e3o tivesse o PAC, o investimento e o resultado pr\u00e1tico seriam menores. O que estamos fazendo \u00e9 estabelecer quais s\u00e3o as obras com melhor e maior impacto que dar\u00e3o para sustentar o crescimento do Brasil&#8221;, afirma o ministro. <\/p>\n<p>Na \u00e1rea de gera\u00e7\u00e3o de energia el\u00e9trica \u00e9 previsto o in\u00edcio de novas usinas, que acrescentar\u00e3o 12.386 MW de pot\u00eancia ao Sistema Interligado Nacional, de modo que os R$ 65,9 bilh\u00f5es investidos garantam o atendimento dos requisitos do mercado interno de energia el\u00e9trica at\u00e9 2010 e de parte da expans\u00e3o prevista at\u00e9 2015. <\/p>\n<p>Na transmiss\u00e3o de energia el\u00e9trica, ser\u00e3o acrescentados 13.826 km de linhas de transmiss\u00e3o e subesta\u00e7\u00f5es associadas, avan\u00e7ando na integra\u00e7\u00e3o eletro-energ\u00e9tica do Pa\u00eds e refor\u00e7ando os sistemas j\u00e1 existentes. As instala\u00e7\u00f5es de linhas e as subesta\u00e7\u00f5es previstas e em constru\u00e7\u00e3o atingem R$ 12,5 bilh\u00f5es. <\/p>\n<p>Para garantir a manuten\u00e7\u00e3o da auto-sufici\u00eancia em petr\u00f3leo, ser\u00e3o necess\u00e1rios investimentos de R$ 69,9 bilh\u00f5es para a produ\u00e7\u00e3o desse combust\u00edvel, que em 2010 dever\u00e1 alcan\u00e7ar 2,6 milh\u00f5es de barris-dia. At\u00e9 l\u00e1, ser\u00e3o aplicados R$ 23,5 bilh\u00f5es. <\/p>\n<p><B>G\u00e1s natural<\/B><\/p>\n<p>Os investimentos em g\u00e1s natural t\u00eam por meta reduzir a depend\u00eancia externa, com a\u00e7\u00f5es concentradas na amplia\u00e7\u00e3o da produ\u00e7\u00e3o dom\u00e9stica. O Plano de Antecipa\u00e7\u00e3o na Produ\u00e7\u00e3o de G\u00e1s Natural (Plang\u00e1s) prev\u00ea R$ 25 bilh\u00f5es em projetos de produ\u00e7\u00e3o de g\u00e1s associado e R$ 12,5 bilh\u00f5es na constru\u00e7\u00e3o de 4.526 quil\u00f4metros de novos dutos de transporte que permitir\u00e3o adicionar mais 55 milh\u00f5es de m3\/dia \u00e0 oferta atual de g\u00e1s natural. <\/p>\n<p>A implanta\u00e7\u00e3o de duas esta\u00e7\u00f5es de regaseifica\u00e7\u00e3o de G\u00e1s Natural Liquefeito (GNL) dar\u00e1 mais seguran\u00e7a ao suprimento do mercado brasileiro: uma no Cear\u00e1, com 6 milh\u00f5es m3\/dia; e outra no Rio de Janeiro, com 14 milh\u00f5es de m3\/dia.<\/p>\n<p>No parque de refino, ser\u00e3o destinados R$ 22,6 bilh\u00f5es em 10 refinarias existentes, que permitir\u00e3o melhorar a qualidade do combust\u00edvel, com conseq\u00fcentes ganhos ambientais, e elevar a parcela de participa\u00e7\u00e3o do processamento de petr\u00f3leo nacional pesado em substitui\u00e7\u00e3o ao importado. <\/p>\n<p>O desenvolvimento e o incremento do \u00e1lcool e do diesel reafirmar\u00e3o a posi\u00e7\u00e3o de vanguarda do Brasil no cen\u00e1rio mundial. At\u00e9 2010, a produ\u00e7\u00e3o deve alcan\u00e7ar 23,3 bilh\u00f5es de litros e a de biodiesel, 3,34 bilh\u00f5es de litros, com um total de R$ 13,3 bilh\u00f5es em investimentos. No que diz respeito \u00e0 matriz energ\u00e9tica, as a\u00e7\u00f5es que ser\u00e3o implementadas pelo PAC para o setor v\u00e3o permitir a expans\u00e3o da oferta de energia e garantir a infra-estrutura necess\u00e1ria para sustentar o crescimento econ\u00f4mico.<\/p>\n<p><B>Fonte:<\/B> emquest\u00e3o<\/p>\n","protected":false},"excerpt":{"rendered":"<p>Os investimentos do Programa de Acelera\u00e7\u00e3o do Crescimento (PAC) em infra-estrutura energ\u00e9tica v\u00e3o assegurar ao Pa\u00eds o suprimento de energia el\u00e9trica e o abastecimento de petr\u00f3leo, g\u00e1s natural e combust\u00edveis renov\u00e1veis. S\u00e3o projetos que t\u00eam como meta recuperar a infra-estrutura existente, concluir os projetos em andamento e viabilizar novos empreendimentos, igualmente expressivos para o Brasil. [&hellip;]<\/p>\n","protected":false},"author":1,"featured_media":0,"comment_status":"open","ping_status":"open","sticky":false,"template":"","format":"standard","meta":{"footnotes":""},"categories":[1],"tags":[],"class_list":["post-7237","post","type-post","status-publish","format-standard","hentry","category-noticias"],"acf":[],"_links":{"self":[{"href":"https:\/\/www.crea-mt.org.br\/portal\/wp-json\/wp\/v2\/posts\/7237","targetHints":{"allow":["GET"]}}],"collection":[{"href":"https:\/\/www.crea-mt.org.br\/portal\/wp-json\/wp\/v2\/posts"}],"about":[{"href":"https:\/\/www.crea-mt.org.br\/portal\/wp-json\/wp\/v2\/types\/post"}],"author":[{"embeddable":true,"href":"https:\/\/www.crea-mt.org.br\/portal\/wp-json\/wp\/v2\/users\/1"}],"replies":[{"embeddable":true,"href":"https:\/\/www.crea-mt.org.br\/portal\/wp-json\/wp\/v2\/comments?post=7237"}],"version-history":[{"count":0,"href":"https:\/\/www.crea-mt.org.br\/portal\/wp-json\/wp\/v2\/posts\/7237\/revisions"}],"wp:attachment":[{"href":"https:\/\/www.crea-mt.org.br\/portal\/wp-json\/wp\/v2\/media?parent=7237"}],"wp:term":[{"taxonomy":"category","embeddable":true,"href":"https:\/\/www.crea-mt.org.br\/portal\/wp-json\/wp\/v2\/categories?post=7237"},{"taxonomy":"post_tag","embeddable":true,"href":"https:\/\/www.crea-mt.org.br\/portal\/wp-json\/wp\/v2\/tags?post=7237"}],"curies":[{"name":"wp","href":"https:\/\/api.w.org\/{rel}","templated":true}]}}