{"id":7236,"date":"2007-02-06T00:00:00","date_gmt":"2007-02-06T02:00:00","guid":{"rendered":"https:\/\/crea-mt.org.br\/portal\/indigenas-serao-ouvidos-sobre-construcao-de-hidreletrica\/"},"modified":"2007-02-06T00:00:00","modified_gmt":"2007-02-06T02:00:00","slug":"indigenas-serao-ouvidos-sobre-construcao-de-hidreletrica","status":"publish","type":"post","link":"https:\/\/www.crea-mt.org.br\/portal\/indigenas-serao-ouvidos-sobre-construcao-de-hidreletrica\/","title":{"rendered":"Ind\u00edgenas ser\u00e3o ouvidos sobre constru\u00e7\u00e3o de hidrel\u00e9trica"},"content":{"rendered":"<p>Uma decis\u00e3o da Justi\u00e7a pode atrasar ainda mais a constru\u00e7\u00e3o da usina hidrel\u00e9trica de Belo Monte, que \u00e9 uma das prioridades do governo para fornecimento de energia a partir de 2014. O TRF &#8211; Tribunal Regional Federal da 1\u00aa regi\u00e3o, em Bras\u00edlia (DF), determinou que o Congresso Nacional fa\u00e7a uma consulta pol\u00edtica \u00e0s comunidades ind\u00edgenas que ser\u00e3o afetadas pela constru\u00e7\u00e3o da usina, no rio Xingu, no Par\u00e1. <\/p>\n<p>O Minist\u00e9rio P\u00fablico Federal havia questionado o fato de essa consulta estar sendo feita pelo Ibama &#8211; Instituto Brasileiro do Meio Ambiente e dos Recursos Naturais Renov\u00e1veis. Nesta segunda, o TRF publicou no Di\u00e1rio da Justi\u00e7a decis\u00e3o da 5\u00aa Turma em que diz que a consulta pol\u00edtica aos \u00edndios, que \u00e9 uma esp\u00e9cie de plebiscito, \u00e9 de compet\u00eancia exclusiva do Congresso Nacional, &#8220;pois s\u00f3 ele (o Congresso) tem o poder de autorizar a obra&#8221;. <\/p>\n<p>Segundo o TRF, sem a consulta pol\u00edtica \u00e0s comunidades ind\u00edgenas, a autoriza\u00e7\u00e3o dada pelo Congresso, por meio do decreto legislativo 788\/2005, perde sua efic\u00e1cia. A desembargadora Selene Maria de Almeida, relatora do processo, entende que essa consulta tem a fun\u00e7\u00e3o de auxiliar a decis\u00e3o pol\u00edtica de autorizar ou n\u00e3o a constru\u00e7\u00e3o da usina. <\/p>\n<p>Segundo a desembargadora, a consulta pol\u00edtica n\u00e3o se confunde com a audi\u00eancia p\u00fablica prevista em resolu\u00e7\u00e3o do Conama &#8211; Conselho Nacional de Meio Ambiente. <\/p>\n<p>Na audi\u00eancia p\u00fablica s\u00e3o ouvidos al\u00e9m dos \u00edndios, comunidades urbanas, ribeirinhos, ambientalistas e religiosos, mas, na opini\u00e3o de Selene, seu car\u00e1ter \u00e9 t\u00e9cnico e integra o procedimento de licenciamento ambiental. De acordo com nota do TRF, a decis\u00e3o da 5\u00aa Turma diz ainda que a autoriza\u00e7\u00e3o da constru\u00e7\u00e3o de Belo Monte est\u00e1 condicionada \u00e0 elabora\u00e7\u00e3o de um laudo antropol\u00f3gico e de estudo de impacto ambiental (EIA). <\/p>\n<p>A usina de Belo Monte foi inclu\u00edda na lista de obras priorit\u00e1rias do PAC &#8211; Programa de Acelera\u00e7\u00e3o do Crescimento, lan\u00e7ado pelo governo no m\u00eas passado. A usina aparece no PAC com capacidade instalada para gerar 5.881 megawatts (MW), pouco mais de um ter\u00e7o de toda a energia nova prevista para entrar no sistema energ\u00e9tico de 2010 a 2015.<\/p>\n<p><B>Gerusa Marques\/ Estad\u00e3o Online<\/B><\/p>\n","protected":false},"excerpt":{"rendered":"<p>Uma decis\u00e3o da Justi\u00e7a pode atrasar ainda mais a constru\u00e7\u00e3o da usina hidrel\u00e9trica de Belo Monte, que \u00e9 uma das prioridades do governo para fornecimento de energia a partir de 2014. O TRF &#8211; Tribunal Regional Federal da 1\u00aa regi\u00e3o, em Bras\u00edlia (DF), determinou que o Congresso Nacional fa\u00e7a uma consulta pol\u00edtica \u00e0s comunidades ind\u00edgenas [&hellip;]<\/p>\n","protected":false},"author":1,"featured_media":0,"comment_status":"open","ping_status":"open","sticky":false,"template":"","format":"standard","meta":{"footnotes":""},"categories":[1],"tags":[],"class_list":["post-7236","post","type-post","status-publish","format-standard","hentry","category-noticias"],"acf":[],"_links":{"self":[{"href":"https:\/\/www.crea-mt.org.br\/portal\/wp-json\/wp\/v2\/posts\/7236","targetHints":{"allow":["GET"]}}],"collection":[{"href":"https:\/\/www.crea-mt.org.br\/portal\/wp-json\/wp\/v2\/posts"}],"about":[{"href":"https:\/\/www.crea-mt.org.br\/portal\/wp-json\/wp\/v2\/types\/post"}],"author":[{"embeddable":true,"href":"https:\/\/www.crea-mt.org.br\/portal\/wp-json\/wp\/v2\/users\/1"}],"replies":[{"embeddable":true,"href":"https:\/\/www.crea-mt.org.br\/portal\/wp-json\/wp\/v2\/comments?post=7236"}],"version-history":[{"count":0,"href":"https:\/\/www.crea-mt.org.br\/portal\/wp-json\/wp\/v2\/posts\/7236\/revisions"}],"wp:attachment":[{"href":"https:\/\/www.crea-mt.org.br\/portal\/wp-json\/wp\/v2\/media?parent=7236"}],"wp:term":[{"taxonomy":"category","embeddable":true,"href":"https:\/\/www.crea-mt.org.br\/portal\/wp-json\/wp\/v2\/categories?post=7236"},{"taxonomy":"post_tag","embeddable":true,"href":"https:\/\/www.crea-mt.org.br\/portal\/wp-json\/wp\/v2\/tags?post=7236"}],"curies":[{"name":"wp","href":"https:\/\/api.w.org\/{rel}","templated":true}]}}