{"id":7234,"date":"2007-02-06T00:00:00","date_gmt":"2007-02-06T02:00:00","guid":{"rendered":"https:\/\/crea-mt.org.br\/portal\/confea-pede-apoio-a-embaixada-de-cuba-para-wec2008\/"},"modified":"2007-02-06T00:00:00","modified_gmt":"2007-02-06T02:00:00","slug":"confea-pede-apoio-a-embaixada-de-cuba-para-wec2008","status":"publish","type":"post","link":"https:\/\/www.crea-mt.org.br\/portal\/confea-pede-apoio-a-embaixada-de-cuba-para-wec2008\/","title":{"rendered":"Confea pede apoio \u00e0 embaixada de Cuba para WEC\/2008"},"content":{"rendered":"<p>\nA possibilidade de transferir para o Brasil o Congresso da Uni\u00e3o Pan-americana de Associa\u00e7\u00f5es de Engenheiros (UPADI &#8211; Uni\u00f3n Panamericana de Associaciones de Ingeneros), que seria realizado em 2008 na cidade de Havana, em Cuba, foi um dos assuntos discutidos ontem entre o presidente do Confea, eng. civil Marcos T\u00falio de Melo e o ministro da embaixada cubana, Alexandro Dias Pal\u00e1cios.<\/p>\n<p>A sugest\u00e3o \u00e9 realizar o pr\u00f3ximo congresso da UPADI juntamente com a Conven\u00e7\u00e3o Mundial de Engenheiros (WEC &#8211; World Engeneer&#8217;s Convention), que ser\u00e1 realizada pelo Conselho Federal de Engenharia, Arquitetura e Agronomia (Confea) e Febrae (Federa\u00e7\u00e3o Brasileira de Associa\u00e7\u00f5es de Engenheiros) juntamente com a Federa\u00e7\u00e3o Mundial das Organiza\u00e7\u00f5es de Engenharia em Bras\u00edlia, em dezembro de 2008.<\/p>\n<p>Durante a audi\u00eancia, o presidente Marcos T\u00falio apresentou o material de divulga\u00e7\u00e3o da WEC 2008 &#8211; elaborado em parceria com a Embratur &#8211; e solicitou que a embaixada ap\u00f3ie a divulga\u00e7\u00e3o do evento naquele pa\u00eds e que garanta a seguran\u00e7a e o apoio necess\u00e1rios \u00e0 delega\u00e7\u00e3o cubana que vir\u00e1 ao Brasil em 2008. &#8220;Esperamos uma participa\u00e7\u00e3o efetiva dos engenheiros cubanos no evento, n\u00e3o apenas participando das atividades, mas tamb\u00e9m apresentando trabalhos t\u00e9cnicos&#8221;, ressaltou o presidente.<\/p>\n<p>T\u00falio tamb\u00e9m destacou a participa\u00e7\u00e3o da Organiza\u00e7\u00e3o das Na\u00e7\u00f5es Unidas para a Educa\u00e7\u00e3o, a Ci\u00eancia e a Cultura (Unesco) nas edi\u00e7\u00f5es anteriores do evento, ocorridas na Alemanha, em 2000, e na China, em 2004, e sublinhou que a entidade j\u00e1 est\u00e1 comprometida com a edi\u00e7\u00e3o a ser sediada no Brasil, inclusive na defini\u00e7\u00e3o das tem\u00e1ticas a serem abordadas por engenheiros de todo o planeta.<\/p>\n<p><B>Metas do Mil\u00eanio<\/B><\/p>\n<p>A audi\u00eancia na embaixada de Cuba faz parte de um trabalho que vem sendo realizado desde o come\u00e7o do ano, com o objetivo de unir for\u00e7a com as representa\u00e7\u00f5es de diversos pa\u00edses em Bras\u00edlia. Esse esfor\u00e7o para ampliar a divulga\u00e7\u00e3o do evento, al\u00e9m de garantir a seguran\u00e7a e o apoio \u00e0s delega\u00e7\u00f5es, faz parte da meta de atrair pelo menos 5 mil profissionais para o debate em torno das Metas do Mil\u00eanio estabelecidas pela Organiza\u00e7\u00e3o das Na\u00e7\u00f5es Unidas (ONU).<\/p>\n<p>Com o tema &#8220;Engenharia: inova\u00e7\u00e3o com responsabilidade social&#8221;, um dos focos do evento ser\u00e1 a troca de experi\u00eancias sobre as contribui\u00e7\u00f5es da engenharia para solucionar ou minimizar grandes problemas sociais e ambientais enfrentados por todas as na\u00e7\u00f5es. At\u00e9 o momento, j\u00e1 se comprometeram a dar o seu apoio \u00e0 realiza\u00e7\u00e3o do vento as embaixadas da Cro\u00e1cia, da Ar\u00e1bia Saudita, da Indon\u00e9sia, da \u00c1ustria, de Israel, da Argentina e da China. Uma s\u00e9rie de outras audi\u00eancias est\u00e3o agendadas para os pr\u00f3ximos meses.<\/p>\n<p>Tamb\u00e9m estiveram presentes na audi\u00eancia da embaixada de Cuba o gerente de rela\u00e7\u00f5es institucionais do Confea, Ren\u00e9 Bayma e a assessora especial da presid\u00eancia, eng. e arquiteta Carmem Eleonora Soares.<\/p>\n<p><B>GCO\/Confea<\/B><\/p>\n","protected":false},"excerpt":{"rendered":"<p>A possibilidade de transferir para o Brasil o Congresso da Uni\u00e3o Pan-americana de Associa\u00e7\u00f5es de Engenheiros (UPADI &#8211; Uni\u00f3n Panamericana de Associaciones de Ingeneros), que seria realizado em 2008 na cidade de Havana, em Cuba, foi um dos assuntos discutidos ontem entre o presidente do Confea, eng. civil Marcos T\u00falio de Melo e o ministro [&hellip;]<\/p>\n","protected":false},"author":1,"featured_media":0,"comment_status":"open","ping_status":"open","sticky":false,"template":"","format":"standard","meta":{"footnotes":""},"categories":[1],"tags":[],"class_list":["post-7234","post","type-post","status-publish","format-standard","hentry","category-noticias"],"acf":[],"_links":{"self":[{"href":"https:\/\/www.crea-mt.org.br\/portal\/wp-json\/wp\/v2\/posts\/7234","targetHints":{"allow":["GET"]}}],"collection":[{"href":"https:\/\/www.crea-mt.org.br\/portal\/wp-json\/wp\/v2\/posts"}],"about":[{"href":"https:\/\/www.crea-mt.org.br\/portal\/wp-json\/wp\/v2\/types\/post"}],"author":[{"embeddable":true,"href":"https:\/\/www.crea-mt.org.br\/portal\/wp-json\/wp\/v2\/users\/1"}],"replies":[{"embeddable":true,"href":"https:\/\/www.crea-mt.org.br\/portal\/wp-json\/wp\/v2\/comments?post=7234"}],"version-history":[{"count":0,"href":"https:\/\/www.crea-mt.org.br\/portal\/wp-json\/wp\/v2\/posts\/7234\/revisions"}],"wp:attachment":[{"href":"https:\/\/www.crea-mt.org.br\/portal\/wp-json\/wp\/v2\/media?parent=7234"}],"wp:term":[{"taxonomy":"category","embeddable":true,"href":"https:\/\/www.crea-mt.org.br\/portal\/wp-json\/wp\/v2\/categories?post=7234"},{"taxonomy":"post_tag","embeddable":true,"href":"https:\/\/www.crea-mt.org.br\/portal\/wp-json\/wp\/v2\/tags?post=7234"}],"curies":[{"name":"wp","href":"https:\/\/api.w.org\/{rel}","templated":true}]}}