{"id":7233,"date":"2007-02-06T00:00:00","date_gmt":"2007-02-06T02:00:00","guid":{"rendered":"https:\/\/crea-mt.org.br\/portal\/producao-agricola-pode-crescer-sem-agredir-a-natureza\/"},"modified":"2007-02-06T00:00:00","modified_gmt":"2007-02-06T02:00:00","slug":"producao-agricola-pode-crescer-sem-agredir-a-natureza","status":"publish","type":"post","link":"https:\/\/www.crea-mt.org.br\/portal\/producao-agricola-pode-crescer-sem-agredir-a-natureza\/","title":{"rendered":"Produ\u00e7\u00e3o agr\u00edcola pode crescer sem agredir a natureza"},"content":{"rendered":"<p>O ministro da Agricultura, Pecu\u00e1ria e Abastecimento, LuizCarlos Guedes, afirmou ont\u00e9m (5) que o Brasil tem condi\u00e7\u00f5es de triplicar a suaprodu\u00e7\u00e3o agr\u00edcola sem sequer derrubar uma \u00fanica \u00e1rvore. Nos temos, inclusive,tecnologia para recuperar \u00e1reas degradadas, disse ap\u00f3s participar de umencontro com executivos do agroneg\u00f3cio da Federa\u00e7\u00e3o das Ind\u00fastrias do Estado deS\u00e3o Paulo (Fiesp). <\/p>\n<p>A declara\u00e7\u00e3o foi dada em rea\u00e7\u00e3o s cr\u00edticas que, segundoele, t\u00eam sido feitas no exterior, em que se atribui o sucesso da agriculturas a\u00e7\u00f5es destruidoras do meio ambiente. Essa afirma\u00e7\u00e3o n\u00e3o tem fundamento,rebateu. <\/p>\n<p>Em um estudo do minist\u00e9rio sobre a devasta\u00e7\u00e3o nomundo,conforme citou, o Brasil aparece em posi\u00e7\u00e3o melhor situada napreserva\u00e7\u00e3o da natureza em compara\u00e7\u00e3o outras na\u00e7\u00f5es. O pa\u00eds tem 69% de suasflorestas originais, enquanto a Europa tem apenas 0,3%, a \u00c1sia, 6% e Am\u00e9ricaCentral, 10%, destacou. <\/p>\n<p>No ano passado, segundo o ministro, pela primeira vez nahist\u00f3ria os recursos da Empresa Brasileira de Pesquisa Agropecu\u00e1ria (Embrapa)ultrapassaram a R$ 1 bilh\u00e3o. Precisamos de mais recursos, mas nos \u00faltimos anosa Embrapa recuperou o seu or\u00e7amento, disse. <\/p>\n<p>Esse investimento em pesquisa, conforme analisou, tempermitido o avan\u00e7o da produtividade agr\u00edcola brasileiro. O ministro informouque existem propostas de participa\u00e7\u00e3o de recursos financeiros do setor privadona Embrapa, mas em raz\u00e3o da rigidez da legisla\u00e7\u00e3o h\u00e1 impedimentos. <\/p>\n<p>Guedes fez quest\u00e3o de destacar que, nos \u00faltimos 4 anos,ocorreram v\u00e1rias a\u00e7\u00f5es de valoriza\u00e7\u00e3o da equipe t\u00e9cnica no setor agr\u00edcola edefendeu a continuidade desse processo, bem como a interlocu\u00e7\u00e3o com a sociedadedurante esse segundo mandato do presidente Lula. <\/p>\n<p>Questionado se estaria demission\u00e1rio do cargo, eleargumentou que qualquer mudan\u00e7a no mist\u00e9rio ser\u00e1 definida pelo presidente. <\/p>\n<p>O ministro informou ainda o Brasil est\u00e1 enviando hoje(5) uma miss\u00e3o t\u00e9cnica para ajudar o governo boliviano no controle de focos de febreaftosa.<\/p>\n<p><B>Fonte: <\/B>Ag\u00eancia Brasil<\/p>\n","protected":false},"excerpt":{"rendered":"<p>O ministro da Agricultura, Pecu\u00e1ria e Abastecimento, LuizCarlos Guedes, afirmou ont\u00e9m (5) que o Brasil tem condi\u00e7\u00f5es de triplicar a suaprodu\u00e7\u00e3o agr\u00edcola sem sequer derrubar uma \u00fanica \u00e1rvore. Nos temos, inclusive,tecnologia para recuperar \u00e1reas degradadas, disse ap\u00f3s participar de umencontro com executivos do agroneg\u00f3cio da Federa\u00e7\u00e3o das Ind\u00fastrias do Estado deS\u00e3o Paulo (Fiesp). A declara\u00e7\u00e3o [&hellip;]<\/p>\n","protected":false},"author":1,"featured_media":0,"comment_status":"open","ping_status":"open","sticky":false,"template":"","format":"standard","meta":{"footnotes":""},"categories":[1],"tags":[],"class_list":["post-7233","post","type-post","status-publish","format-standard","hentry","category-noticias"],"acf":[],"_links":{"self":[{"href":"https:\/\/www.crea-mt.org.br\/portal\/wp-json\/wp\/v2\/posts\/7233","targetHints":{"allow":["GET"]}}],"collection":[{"href":"https:\/\/www.crea-mt.org.br\/portal\/wp-json\/wp\/v2\/posts"}],"about":[{"href":"https:\/\/www.crea-mt.org.br\/portal\/wp-json\/wp\/v2\/types\/post"}],"author":[{"embeddable":true,"href":"https:\/\/www.crea-mt.org.br\/portal\/wp-json\/wp\/v2\/users\/1"}],"replies":[{"embeddable":true,"href":"https:\/\/www.crea-mt.org.br\/portal\/wp-json\/wp\/v2\/comments?post=7233"}],"version-history":[{"count":0,"href":"https:\/\/www.crea-mt.org.br\/portal\/wp-json\/wp\/v2\/posts\/7233\/revisions"}],"wp:attachment":[{"href":"https:\/\/www.crea-mt.org.br\/portal\/wp-json\/wp\/v2\/media?parent=7233"}],"wp:term":[{"taxonomy":"category","embeddable":true,"href":"https:\/\/www.crea-mt.org.br\/portal\/wp-json\/wp\/v2\/categories?post=7233"},{"taxonomy":"post_tag","embeddable":true,"href":"https:\/\/www.crea-mt.org.br\/portal\/wp-json\/wp\/v2\/tags?post=7233"}],"curies":[{"name":"wp","href":"https:\/\/api.w.org\/{rel}","templated":true}]}}