{"id":7232,"date":"2007-02-07T00:00:00","date_gmt":"2007-02-07T02:00:00","guid":{"rendered":"https:\/\/crea-mt.org.br\/portal\/a-importancia-do-uso-sustentavel-do-pantanal\/"},"modified":"2007-02-07T00:00:00","modified_gmt":"2007-02-07T02:00:00","slug":"a-importancia-do-uso-sustentavel-do-pantanal","status":"publish","type":"post","link":"https:\/\/www.crea-mt.org.br\/portal\/a-importancia-do-uso-sustentavel-do-pantanal\/","title":{"rendered":"A import\u00e2ncia do uso sustent\u00e1vel do Pantanal"},"content":{"rendered":"<p>O Pantanal, considerada a maior \u00e1rea alag\u00e1vel do mundo, est\u00e1<br \/>\nseriamente amea\u00e7ado por problemas como o aquecimento global e o<br \/>\ndesenvolvimento descontrolado da regi\u00e3o, segundo estudo realizado<br \/>\npela Universidade da Organiza\u00e7\u00e3o das Na\u00e7\u00f5es Unidas (UNU) em conjunto com o Programa Ambiental Regional do Pantanal (Prep, na sigla em ingl\u00eas).<\/p>\n<p>Em relat\u00f3rio divulgado nesta ter\u00e7a-feira, para marcar o Dia Mundial<br \/>\nda \u00c1gua, especialistas alertam para o que pode se tornar &#8220;o pr\u00f3ximo<br \/>\nEverglades&#8221;, em uma refer\u00eancia \u00e0 famosa \u00e1rea pantanosa do Estado<br \/>\namericano da Fl\u00f3rida, cujo ecossistema foi prejudicado por atividades<br \/>\nagr\u00edcolas.<\/p>\n<p>De acordo com o documento, simula\u00e7\u00f5es realizadas por computador<br \/>\nindicam que se a temperatura da terra aumentar em at\u00e9 4\u00baC, cerca de 85% das \u00e1reas alag\u00e1veis da Terra, incluindo o Pantanal, desaparecer\u00e3o.<\/p>\n<p>Paulo Teixeira de Sousa Jr., diretor do Prep e pr\u00f3-reitor de pesquisa<br \/>\nda Universidade Federal do Mato Grosso (UFMT), disse \u00e0 BBC Brasil que ainda n\u00e3o existem dados &#8220;taxativos espec\u00edficos&#8221; sobre como o<br \/>\necossistema brasileiro reagiria. Mas, para ele, o aquecimento global<br \/>\n\u00e9 o que mais pesa entre os fatores que amea\u00e7am o Pantanal.<\/p>\n<p>`Peculiar&#8217;<\/p>\n<p>&#8220;O Pantanal tem um ciclo hidrol\u00f3gico peculiar &#8211; passando metade do<br \/>\nano com \u00e1guas baixas e a outra metade na cheia. Esse regime \u00e9<br \/>\ndeterminante para o ecossistema da regi\u00e3o e, se ele sofrer qualquer<br \/>\npertuba\u00e7\u00e3o, pode haver s\u00e9rias conseq\u00fc\u00eancias&#8221;, afirmou Sousa Jr.<\/p>\n<p>O diretor do Prep lembra que o Pantanal \u00e9 uma regi\u00e3o de estocagem e purifica\u00e7\u00e3o de \u00e1gua, de prote\u00e7\u00e3o contra tempestades, e que atua<br \/>\nfazendo o controle de enchentes e da temperatura. Ali vivem milhares<br \/>\nde esp\u00e9cies, muitas delas em vias de extin\u00e7\u00e3o. Al\u00e9m disso, \u00e1reas<br \/>\nalag\u00e1veis hoje armazenam 17% do carbono emitido anualmente pela<br \/>\natividade humana. Mas, segundo o relat\u00f3rio da UNU, at\u00e9 2100, &#8220;a<br \/>\nbiosfera terrestre, que hoje \u00e9 um dep\u00f3sito de carbono, vai se tornar<br \/>\numa fonte de produ\u00e7\u00e3o de carbono&#8221;.<\/p>\n<p>Para Sousa Jr., o impacto da a\u00e7\u00e3o humana local n\u00e3o \u00e9 &#8220;t\u00e3o grave, pois ainda n\u00e3o \u00e9 irrevers\u00edvel&#8221;.<\/p>\n<p>&#8220;Os problemas se d\u00e3o na regi\u00e3o que circunda o Pantanal e s\u00e3o causados pelo agroneg\u00f3cio &#8211; planta\u00e7\u00f5es de soja e de algod\u00e3o, principalmente. <\/p>\n<p>Essas planta\u00e7\u00f5es, feitas em larga escala desde os anos 70, causam<br \/>\nperturba\u00e7\u00f5es no solo e assoreamento dos rios, al\u00e9m de despejarem<br \/>\nagrot\u00f3xicos que s\u00e3o drenados para os rios&#8221;, explicou o diretor do<br \/>\nPrep. &#8220;Mas tamb\u00e9m h\u00e1 a polui\u00e7\u00e3o dos centros urbanos pr\u00f3ximos e o<br \/>\ncrescimento populacional.&#8221;<\/p>\n<p>Segundo ele, outro grande agravante foi a constru\u00e7\u00e3o de uma<br \/>\nhidrel\u00e9trica no rio Manso, pr\u00f3ximo a Cuiab\u00e1 (MT), que est\u00e1<br \/>\nperturbando o chamado &#8220;pulso de inunda\u00e7\u00e3o&#8221; do Pantanal, que \u00e9 o<br \/>\nregime hidrol\u00f3gico da regi\u00e3o.<\/p>\n<p><B>Parcerias<\/B><\/p>\n<p>Sousa Jr. destacou a import\u00e2ncia de parcerias como as do Prep, que<br \/>\ncongrega universidades dos Estados do Mato Grosso e do Mato Grosso do Sul, al\u00e9m da UNU, para se tentar reverter a situa\u00e7\u00e3o de amea\u00e7a ao<br \/>\nPantanal.<\/p>\n<p>O programa inclui ainda organiza\u00e7\u00f5es do Paraguai e da Bol\u00edvia, cujos<br \/>\nterrit\u00f3rios tamb\u00e9m cont\u00eam \u00e1reas do Pantanal. &#8220;Uma das nossas<br \/>\niniciativas foi formular um Tratado de Coopera\u00e7\u00e3o do Pantanal, que<br \/>\npermitiria aos tr\u00eas pa\u00edses elaborar pol\u00edticas p\u00fablicas em sinergia&#8221;,<br \/>\ndisse.<\/p>\n<p>O diretor do Prep elogiou o envolvimento da popula\u00e7\u00e3o do Pantanal nas quest\u00f5es ambientais que envolvem a regi\u00e3o. &#8220;O que me deixa<br \/>\nesperan\u00e7oso \u00e9 o alto grau de conscientiza\u00e7\u00e3o quanto \u00e0 import\u00e2ncia do<br \/>\nuso sustent\u00e1vel do Pantanal.&#8221;<\/p>\n<p>&#8220;N\u00e3o temos o forte apelo internacional que tem a Amaz\u00f4nia, por<br \/>\nexemplo, nem a densidade de cientistas e a quantidade de<br \/>\ninvestimentos nacionais que tem a Mata Atl\u00e2ntica. \u00c9 por isso que<br \/>\nestamos trabalhando em rede e em coopera\u00e7\u00e3o com a UNU, numa tentativa de superar a car\u00eancia de cientistas e de aten\u00e7\u00e3o internacional para o Pantanal&#8221;, concluiu.<\/p>\n<p>O Pantanal tem uma \u00e1rea de 165 mil quil\u00f4metros quadrados, o<br \/>\nequivalente a quase todo o territ\u00f3rio da Fl\u00f3rida.<\/p>\n","protected":false},"excerpt":{"rendered":"<p>O Pantanal, considerada a maior \u00e1rea alag\u00e1vel do mundo, est\u00e1 seriamente amea\u00e7ado por problemas como o aquecimento global e o desenvolvimento descontrolado da regi\u00e3o, segundo estudo realizado pela Universidade da Organiza\u00e7\u00e3o das Na\u00e7\u00f5es Unidas (UNU) em conjunto com o Programa Ambiental Regional do Pantanal (Prep, na sigla em ingl\u00eas). Em relat\u00f3rio divulgado nesta ter\u00e7a-feira, para [&hellip;]<\/p>\n","protected":false},"author":1,"featured_media":0,"comment_status":"open","ping_status":"open","sticky":false,"template":"","format":"standard","meta":{"footnotes":""},"categories":[1],"tags":[],"class_list":["post-7232","post","type-post","status-publish","format-standard","hentry","category-noticias"],"acf":[],"_links":{"self":[{"href":"https:\/\/www.crea-mt.org.br\/portal\/wp-json\/wp\/v2\/posts\/7232","targetHints":{"allow":["GET"]}}],"collection":[{"href":"https:\/\/www.crea-mt.org.br\/portal\/wp-json\/wp\/v2\/posts"}],"about":[{"href":"https:\/\/www.crea-mt.org.br\/portal\/wp-json\/wp\/v2\/types\/post"}],"author":[{"embeddable":true,"href":"https:\/\/www.crea-mt.org.br\/portal\/wp-json\/wp\/v2\/users\/1"}],"replies":[{"embeddable":true,"href":"https:\/\/www.crea-mt.org.br\/portal\/wp-json\/wp\/v2\/comments?post=7232"}],"version-history":[{"count":0,"href":"https:\/\/www.crea-mt.org.br\/portal\/wp-json\/wp\/v2\/posts\/7232\/revisions"}],"wp:attachment":[{"href":"https:\/\/www.crea-mt.org.br\/portal\/wp-json\/wp\/v2\/media?parent=7232"}],"wp:term":[{"taxonomy":"category","embeddable":true,"href":"https:\/\/www.crea-mt.org.br\/portal\/wp-json\/wp\/v2\/categories?post=7232"},{"taxonomy":"post_tag","embeddable":true,"href":"https:\/\/www.crea-mt.org.br\/portal\/wp-json\/wp\/v2\/tags?post=7232"}],"curies":[{"name":"wp","href":"https:\/\/api.w.org\/{rel}","templated":true}]}}