{"id":7231,"date":"2007-02-07T00:00:00","date_gmt":"2007-02-07T02:00:00","guid":{"rendered":"https:\/\/crea-mt.org.br\/portal\/colombia-e-republica-tcheca-declaram-apoio-a-wec-2008\/"},"modified":"2007-02-07T00:00:00","modified_gmt":"2007-02-07T02:00:00","slug":"colombia-e-republica-tcheca-declaram-apoio-a-wec-2008","status":"publish","type":"post","link":"https:\/\/www.crea-mt.org.br\/portal\/colombia-e-republica-tcheca-declaram-apoio-a-wec-2008\/","title":{"rendered":"Col\u00f4mbia e Rep\u00fablica Tcheca declaram apoio \u00e0 WEC 2008"},"content":{"rendered":"<p>\nO presidente do Confea, Marcos T\u00falio de Melo, continua visitando as embaixadas em Bras\u00edlia para divulgar a Conven\u00e7\u00e3o Mundial de Engenheiros (WEC 2008) entre todos os pa\u00edses que mant\u00e9m rela\u00e7\u00f5es diplom\u00e1ticas com o Brasil. A estrat\u00e9gia integra a fase de planejamento e organiza\u00e7\u00e3o do encontro mundial de engenheiros que vai acontecer em Bras\u00edlia, de 3 a 5 de dezembro de 2008. <\/p>\n<p>Nesta segunda-feira, 5\/2, T\u00falio esteve primeiramente na embaixada da Col\u00f4mbia, onde foi recebido pelo embaixador Mario Galofre Cano. Eles conversaram sobre os preparativos para o grande evento e a colabora\u00e7\u00e3o por parte da embaixada. &#8220;Ser\u00e3o pelo menos 5 mil congressistas estrangeiros e queremos participa\u00e7\u00e3o ativa dos colombianos. Como somos pa\u00edses vizinhos, acredito que essa integra\u00e7\u00e3o ser\u00e1 facilitada&#8221;, declarou Marcos T\u00falio.<\/p>\n<p>H\u00e1, naquele pa\u00eds, uma entidade ligada \u00e0 FMOI (Federa\u00e7\u00e3o Mundial das Organiza\u00e7\u00f5es de Engenharia), a Sociedade Colombiana de Engenheiros. O embaixador Mario Galofre se mostrou entusiasmado com a organiza\u00e7\u00e3o da WEC 2008 e assegurou plena divulga\u00e7\u00e3o do evento em Bogot\u00e1, assim como apoio log\u00edstico \u00e0 delega\u00e7\u00e3o que vier participar. &#8220;\u00c9 importante, inclusive, que a comiss\u00e3o organizadora visite os pa\u00edses vizinhos para que a representa\u00e7\u00e3o sul-americana esteja maci\u00e7amente representada&#8221;, sugeriu o embaixador.<\/p>\n<p>Ali\u00e1s, a integra\u00e7\u00e3o latino-americana foi um dos temas abordados durante a visita. O embaixador colombiano observou que h\u00e1 s\u00e9rias dificuldades de liga\u00e7\u00e3o a\u00e9rea e terrestre entre o Brasil e demais pa\u00edses do Cone Sul. &#8220;Acredito que \u00e9 um desafio para voc\u00eas, engenheiros, potenciais respons\u00e1veis por facilitar a integra\u00e7\u00e3o dos pa\u00edses, a come\u00e7ar pela cria\u00e7\u00e3o de novas malhas a\u00e9reas. Hoje a disponibilidade de v\u00f4os \u00e9 t\u00e3o prec\u00e1ria, que \u00e9 imposs\u00edvel voar direto para a capital do meu pa\u00eds&#8221;, criticou o embaixador.<\/p>\n<p>Diante da relev\u00e2ncia do assunto, o presidente do Confea convidou o embaixador da Col\u00f4mbia a expor a quest\u00e3o diante do plen\u00e1rio da casa, em uma de suas pr\u00f3ximas reuni\u00f5es.<\/p>\n<p><B>Rep\u00fablica Tcheca<\/B><\/p>\n<p>Logo depois, Marcos T\u00falio foi recebido pela 1\u00aa secret\u00e1ria da Embaixada da Rep\u00fablica Tcheca, Jana Chaloupkova.<\/p>\n<p>No encontro, a 1\u00aa secret\u00e1ria substituiu o embaixador, que est\u00e1 em viagem pela Europa. Ela tamb\u00e9m se mostrou entusiasmada pela realiza\u00e7\u00e3o da WEC 2008. Assim como diplomatas de todas as embaixadas j\u00e1 visitadas, assegurou divulga\u00e7\u00e3o no pa\u00eds e apoio \u00e0 delega\u00e7\u00e3o que participar\u00e1 do evento.<\/p>\n<p>Chaloupkova demonstrou especial interesse pela programa\u00e7\u00e3o cultural prevista para o evento. &#8220;Podemos fazer parceria para alguma atividade paralela durante a WEC 2008. Vou consultar meu governo sobre a possibilidade de trazermos alguma atra\u00e7\u00e3o art\u00edstica da Rep\u00fablica Tcheca. Esses eventos s\u00e3o importantes n\u00e3o s\u00f3 pela troca de experi\u00eancias t\u00e9cnicas, mas tamb\u00e9m pelo interc\u00e2mbio cultural&#8221;, observou.<\/p>\n<p><B>Sandro Farias<br \/>\nGCO\/Confea<\/B><\/p>\n","protected":false},"excerpt":{"rendered":"<p>O presidente do Confea, Marcos T\u00falio de Melo, continua visitando as embaixadas em Bras\u00edlia para divulgar a Conven\u00e7\u00e3o Mundial de Engenheiros (WEC 2008) entre todos os pa\u00edses que mant\u00e9m rela\u00e7\u00f5es diplom\u00e1ticas com o Brasil. A estrat\u00e9gia integra a fase de planejamento e organiza\u00e7\u00e3o do encontro mundial de engenheiros que vai acontecer em Bras\u00edlia, de 3 [&hellip;]<\/p>\n","protected":false},"author":1,"featured_media":0,"comment_status":"open","ping_status":"open","sticky":false,"template":"","format":"standard","meta":{"footnotes":""},"categories":[1],"tags":[],"class_list":["post-7231","post","type-post","status-publish","format-standard","hentry","category-noticias"],"acf":[],"_links":{"self":[{"href":"https:\/\/www.crea-mt.org.br\/portal\/wp-json\/wp\/v2\/posts\/7231","targetHints":{"allow":["GET"]}}],"collection":[{"href":"https:\/\/www.crea-mt.org.br\/portal\/wp-json\/wp\/v2\/posts"}],"about":[{"href":"https:\/\/www.crea-mt.org.br\/portal\/wp-json\/wp\/v2\/types\/post"}],"author":[{"embeddable":true,"href":"https:\/\/www.crea-mt.org.br\/portal\/wp-json\/wp\/v2\/users\/1"}],"replies":[{"embeddable":true,"href":"https:\/\/www.crea-mt.org.br\/portal\/wp-json\/wp\/v2\/comments?post=7231"}],"version-history":[{"count":0,"href":"https:\/\/www.crea-mt.org.br\/portal\/wp-json\/wp\/v2\/posts\/7231\/revisions"}],"wp:attachment":[{"href":"https:\/\/www.crea-mt.org.br\/portal\/wp-json\/wp\/v2\/media?parent=7231"}],"wp:term":[{"taxonomy":"category","embeddable":true,"href":"https:\/\/www.crea-mt.org.br\/portal\/wp-json\/wp\/v2\/categories?post=7231"},{"taxonomy":"post_tag","embeddable":true,"href":"https:\/\/www.crea-mt.org.br\/portal\/wp-json\/wp\/v2\/tags?post=7231"}],"curies":[{"name":"wp","href":"https:\/\/api.w.org\/{rel}","templated":true}]}}