{"id":7228,"date":"2007-02-07T00:00:00","date_gmt":"2007-02-07T02:00:00","guid":{"rendered":"https:\/\/crea-mt.org.br\/portal\/mato-grosso-busca-acordo-comercial-com-a-india\/"},"modified":"2007-02-07T00:00:00","modified_gmt":"2007-02-07T02:00:00","slug":"mato-grosso-busca-acordo-comercial-com-a-india","status":"publish","type":"post","link":"https:\/\/www.crea-mt.org.br\/portal\/mato-grosso-busca-acordo-comercial-com-a-india\/","title":{"rendered":"Mato Grosso busca acordo comercial com a \u00cdndia"},"content":{"rendered":"<p>Um comitiva governamental poder\u00e1 ir \u00e0 \u00cdndia em abril.  A viagem faz parte uma agenda que o governador Blairo Maggi est\u00e1 preparando para este segundo mandato, em que constam algumas viagens de trabalho ao exterior, entre elas esta visita \u00e0 \u00cdndia.<\/p>\n<p>O objetivo da viagem da comitiva do governo \u00e0 \u00cdndia \u00e9 buscar interc\u00e2mbios em diversas \u00e1reas, entre elas a industrial, a comercial, de infra-estrutura, agroneg\u00f3cio (principalmente no setor sucro-alcooleiro).  &#8220;Porque a \u00cdndia \u00e9 um grande importador desses produtos; e tamb\u00e9m no setor do turismo.  Queremos promover o potencial econ\u00f4mico do Estado de Mato Grosso como um todo&#8221;, destacou o secret\u00e1rio-adjunto da Casa Civil, Jefferson de Castro J\u00fanior<\/p>\n<p>A \u00cdndia hoje \u00e9 a quarta economia mundial em termos de paridade de poder de compra, com quase 300 milh\u00f5es de pessoas que formam um grande mercado de consumo.  Possui, assim, o mercado potencial que o governo do Estado de Mato Grosso precisa para atender \u00e0 meta de crescimento de 10% ao ano.<\/p>\n<p>Sobre a prov\u00e1vel data da viagem, o secret\u00e1rio-adjunto observou que as discuss\u00f5es ainda prosseguem, mas j\u00e1 h\u00e1 um indicador no sentido de que ela possa ocorrer na segunda quinzena de abril, de 13 at\u00e9 dia 23 de abril e duraria cerca de oito dias.  Ele revelou tamb\u00e9m que os contatos est\u00e3o sendo realizados com a chancelaria da \u00cdndia, em Bras\u00edlia.<\/p>\n<p>Para o presidente da Federa\u00e7\u00e3o da Agricultura e Pecu\u00e1ria do Estado de Mato Grosso (Famato) e deputado federal, Homero Pereira, esta \u00e9 uma viagem estrat\u00e9gica e muito importante.  &#8220;Mato Grosso tem que estar se inserindo cada vez mais no mercado internacional, porque n\u00f3s temos um potencial enorme de produ\u00e7\u00e3o e precisamos ir atr\u00e1s de parceiros comerciais.  A \u00cdndia \u00e9 um pa\u00eds que cresce 10% ao ano, que j\u00e1 tem 200 milh\u00f5es de consumidores de alto n\u00edvel, e ent\u00e3o n\u00e3o podemos perder um parceiro comercial como este&#8221;, avaliou.<\/p>\n<p>Uni\u00e3o Europ\u00e9ia &#8211; Existe a possibilidade de aproveitar a viagem \u00e0 \u00cdndia e montar tamb\u00e9m uma agenda para a Europa.  Seria uma semana na \u00cdndia e uma semana na Europa, que tamb\u00e9m \u00e9 um bloco comercial estrat\u00e9gico para Mato Grosso, sendo hoje o maior comprador de produtos de Mato Grosso, como carne, algod\u00e3o, madeira, soja e demais produtos.  &#8220;Temos que passar pela Uni\u00e3o Europ\u00e9ia, at\u00e9 porque n\u00f3s temos que habilitar 50% do territ\u00f3rio e do rebanho de Mato Grosso para a exporta\u00e7\u00e3o para l\u00e1, pois 13 milh\u00f5es de cabe\u00e7as de gado ainda n\u00e3o est\u00e3o habilitadas para a exporta\u00e7\u00e3o&#8221;, afirmou Homero.<\/p>\n<p><B>Fonte:<\/B> RMT Online<\/p>\n","protected":false},"excerpt":{"rendered":"<p>Um comitiva governamental poder\u00e1 ir \u00e0 \u00cdndia em abril. A viagem faz parte uma agenda que o governador Blairo Maggi est\u00e1 preparando para este segundo mandato, em que constam algumas viagens de trabalho ao exterior, entre elas esta visita \u00e0 \u00cdndia. O objetivo da viagem da comitiva do governo \u00e0 \u00cdndia \u00e9 buscar interc\u00e2mbios em [&hellip;]<\/p>\n","protected":false},"author":1,"featured_media":0,"comment_status":"open","ping_status":"open","sticky":false,"template":"","format":"standard","meta":{"footnotes":""},"categories":[1],"tags":[],"class_list":["post-7228","post","type-post","status-publish","format-standard","hentry","category-noticias"],"acf":[],"_links":{"self":[{"href":"https:\/\/www.crea-mt.org.br\/portal\/wp-json\/wp\/v2\/posts\/7228","targetHints":{"allow":["GET"]}}],"collection":[{"href":"https:\/\/www.crea-mt.org.br\/portal\/wp-json\/wp\/v2\/posts"}],"about":[{"href":"https:\/\/www.crea-mt.org.br\/portal\/wp-json\/wp\/v2\/types\/post"}],"author":[{"embeddable":true,"href":"https:\/\/www.crea-mt.org.br\/portal\/wp-json\/wp\/v2\/users\/1"}],"replies":[{"embeddable":true,"href":"https:\/\/www.crea-mt.org.br\/portal\/wp-json\/wp\/v2\/comments?post=7228"}],"version-history":[{"count":0,"href":"https:\/\/www.crea-mt.org.br\/portal\/wp-json\/wp\/v2\/posts\/7228\/revisions"}],"wp:attachment":[{"href":"https:\/\/www.crea-mt.org.br\/portal\/wp-json\/wp\/v2\/media?parent=7228"}],"wp:term":[{"taxonomy":"category","embeddable":true,"href":"https:\/\/www.crea-mt.org.br\/portal\/wp-json\/wp\/v2\/categories?post=7228"},{"taxonomy":"post_tag","embeddable":true,"href":"https:\/\/www.crea-mt.org.br\/portal\/wp-json\/wp\/v2\/tags?post=7228"}],"curies":[{"name":"wp","href":"https:\/\/api.w.org\/{rel}","templated":true}]}}