{"id":7227,"date":"2007-02-07T00:00:00","date_gmt":"2007-02-07T02:00:00","guid":{"rendered":"https:\/\/crea-mt.org.br\/portal\/lei-do-saneamento-e-publicado-no-diario-oficial-2\/"},"modified":"2007-02-07T00:00:00","modified_gmt":"2007-02-07T02:00:00","slug":"lei-do-saneamento-e-publicado-no-diario-oficial-2","status":"publish","type":"post","link":"https:\/\/www.crea-mt.org.br\/portal\/lei-do-saneamento-e-publicado-no-diario-oficial-2\/","title":{"rendered":"Lei do Saneamento \u00e9 publicado no Di\u00e1rio Oficial"},"content":{"rendered":"<p><B>Presidente Luiz In\u00e1cio Lula da Silva discursa na cerim\u00f4nia de san\u00e7\u00e3o da Lei da Saneamento B\u00e1sico, que define a rela\u00e7\u00e3o entre os estados, munic\u00edpios e iniciativa privada e as regras jur\u00eddicas para o setor.<\/B><\/p>\n<p>O ano j\u00e1 come\u00e7ou com boas para a categoria. A t\u00e3o esperada lei que estabelece diretrizes nacionais para o saneamento b\u00e1sico foi sancionada pelo presidente Luiz In\u00e1cio Lula da Silva no dia 05 de janeiro, e publicada no Di\u00e1rio Oficial da Uni\u00e3o da segunda-feira, dia 8. Al\u00e9m da universaliza\u00e7\u00e3o do acesso, ela prev\u00ea que o abastecimento de \u00e1gua, esgotamento sanit\u00e1rio, limpeza urbana e o manejo dos res\u00edduos s\u00f3lidos sejam feitos de forma adequada \u00e0 sa\u00fade e \u00c0 prote\u00e7\u00e3o do meio ambiente.<br \/>\nDe acordo com a Lei, que recebeu o n\u00famero 11.445\/07, as pol\u00edticas p\u00fablicas de saneamento b\u00e1sico dever\u00e3o criar mecanismos de controle social, ou seja, formas de garantir \u00e0 sociedade informa\u00e7\u00f5es e participa\u00e7\u00e3o no processo de formula\u00e7\u00e3o das medidas relacionadas ao setor.<br \/>\nSegundo o Minist\u00e9rio das Cidades, esse controle poder\u00e1 ser feito por meio de controle municipais, estaduais e federal que ter\u00e3o car\u00e1ter consultivo, mas poder\u00e3o exercer press\u00e3o sobre assuntos ligados ao setor, como, por exemplo, a fixa\u00e7\u00e3o das tarifas p\u00fablicas.<br \/>\nDurante solenidade no Pal\u00e1cio do Planalto, o ministro das Cidades, M\u00e1rcio Fontes, citou n\u00fameros da Pesquisa Nacional por Amostra de Domic\u00edlio (Pnad-2005) para destacar que 82,32% dos 53 milh\u00f5es de domic\u00edlios particulares no pa\u00eds t\u00eam acesso \u00e0 \u00e1gua.<\/p>\n<p><B>Fonte: <\/B>Jornal da fisenge<\/p>\n","protected":false},"excerpt":{"rendered":"<p>Presidente Luiz In\u00e1cio Lula da Silva discursa na cerim\u00f4nia de san\u00e7\u00e3o da Lei da Saneamento B\u00e1sico, que define a rela\u00e7\u00e3o entre os estados, munic\u00edpios e iniciativa privada e as regras jur\u00eddicas para o setor. O ano j\u00e1 come\u00e7ou com boas para a categoria. A t\u00e3o esperada lei que estabelece diretrizes nacionais para o saneamento b\u00e1sico [&hellip;]<\/p>\n","protected":false},"author":1,"featured_media":0,"comment_status":"open","ping_status":"open","sticky":false,"template":"","format":"standard","meta":{"footnotes":""},"categories":[1],"tags":[],"class_list":["post-7227","post","type-post","status-publish","format-standard","hentry","category-noticias"],"acf":[],"_links":{"self":[{"href":"https:\/\/www.crea-mt.org.br\/portal\/wp-json\/wp\/v2\/posts\/7227","targetHints":{"allow":["GET"]}}],"collection":[{"href":"https:\/\/www.crea-mt.org.br\/portal\/wp-json\/wp\/v2\/posts"}],"about":[{"href":"https:\/\/www.crea-mt.org.br\/portal\/wp-json\/wp\/v2\/types\/post"}],"author":[{"embeddable":true,"href":"https:\/\/www.crea-mt.org.br\/portal\/wp-json\/wp\/v2\/users\/1"}],"replies":[{"embeddable":true,"href":"https:\/\/www.crea-mt.org.br\/portal\/wp-json\/wp\/v2\/comments?post=7227"}],"version-history":[{"count":0,"href":"https:\/\/www.crea-mt.org.br\/portal\/wp-json\/wp\/v2\/posts\/7227\/revisions"}],"wp:attachment":[{"href":"https:\/\/www.crea-mt.org.br\/portal\/wp-json\/wp\/v2\/media?parent=7227"}],"wp:term":[{"taxonomy":"category","embeddable":true,"href":"https:\/\/www.crea-mt.org.br\/portal\/wp-json\/wp\/v2\/categories?post=7227"},{"taxonomy":"post_tag","embeddable":true,"href":"https:\/\/www.crea-mt.org.br\/portal\/wp-json\/wp\/v2\/tags?post=7227"}],"curies":[{"name":"wp","href":"https:\/\/api.w.org\/{rel}","templated":true}]}}