{"id":7225,"date":"2007-02-08T00:00:00","date_gmt":"2007-02-08T02:00:00","guid":{"rendered":"https:\/\/crea-mt.org.br\/portal\/bolsas-de-graduacao-na-franca-ultimos-dias\/"},"modified":"2007-02-08T00:00:00","modified_gmt":"2007-02-08T02:00:00","slug":"bolsas-de-graduacao-na-franca-ultimos-dias","status":"publish","type":"post","link":"https:\/\/www.crea-mt.org.br\/portal\/bolsas-de-graduacao-na-franca-ultimos-dias\/","title":{"rendered":"Bolsas de gradua\u00e7\u00e3o na Fran\u00e7a, \u00faltimos dias"},"content":{"rendered":"<p>\nTermina no pr\u00f3ximo s\u00e1bado (10) o prazo para as inscri\u00e7\u00f5es no programa Capes\/BRAFITEC, que oferece bolsas de estudo na Fran\u00e7a para alunos da \u00e1rea das engenharias. O programa busca criar e consolidar parcerias duradouras entre universidades brasileiras e francesas, por meio do interc\u00e2mbio de alunos de gradua\u00e7\u00e3o. Al\u00e9m disso, torna vi\u00e1vel o reconhecimento rec\u00edproco de cr\u00e9ditos obtidos nas universidades parceiras e oferece oportunidades de pr\u00e1tica profissional internacional. <\/p>\n<p>Os interessados devem criar propostas de projetos nas especialidades das engenharias. O projeto selecionado receber\u00e1 o montante anual de at\u00e9 R$ 120 mil para financiamento das miss\u00f5es de estudo e de trabalho na Fran\u00e7a. A miss\u00e3o de estudos pode durar um ou dois semestres, durante os quais o aluno receber\u00e1 uma bolsa mensal de 600,00 euros, aux\u00edlio instala\u00e7\u00e3o, passagem a\u00e9rea e seguro sa\u00fade mensal no valor de 70 euros. <\/p>\n<p>O programa \u00e9 uma parceria entre a Coordena\u00e7\u00e3o de Aperfei\u00e7oamento de Pessoal de N\u00edvel Superior (Capes\/Mec), o Minist\u00e9rio da Educa\u00e7\u00e3o do Brasil e a Confer\u00eancia dos Diretores de Escolas Francesas de Engenheiros (CDEFI), com o apoio do Minist\u00e9rio das Rela\u00e7\u00f5es Exteriores e do Minist\u00e9rio da Educa\u00e7\u00e3o Nacional do Ensino Superior e da Pesquisa da Fran\u00e7a. <\/p>\n<p>As inscri\u00e7\u00f5es podem ser feitas na p\u00e1gina eletr\u00f4nica da Capes. (Portal Capes)<\/p>\n<p><B>Fonte: <\/B>www.ufmt.br<\/p>\n","protected":false},"excerpt":{"rendered":"<p>Termina no pr\u00f3ximo s\u00e1bado (10) o prazo para as inscri\u00e7\u00f5es no programa Capes\/BRAFITEC, que oferece bolsas de estudo na Fran\u00e7a para alunos da \u00e1rea das engenharias. O programa busca criar e consolidar parcerias duradouras entre universidades brasileiras e francesas, por meio do interc\u00e2mbio de alunos de gradua\u00e7\u00e3o. Al\u00e9m disso, torna vi\u00e1vel o reconhecimento rec\u00edproco de [&hellip;]<\/p>\n","protected":false},"author":1,"featured_media":0,"comment_status":"open","ping_status":"open","sticky":false,"template":"","format":"standard","meta":{"footnotes":""},"categories":[1],"tags":[],"class_list":["post-7225","post","type-post","status-publish","format-standard","hentry","category-noticias"],"acf":[],"_links":{"self":[{"href":"https:\/\/www.crea-mt.org.br\/portal\/wp-json\/wp\/v2\/posts\/7225","targetHints":{"allow":["GET"]}}],"collection":[{"href":"https:\/\/www.crea-mt.org.br\/portal\/wp-json\/wp\/v2\/posts"}],"about":[{"href":"https:\/\/www.crea-mt.org.br\/portal\/wp-json\/wp\/v2\/types\/post"}],"author":[{"embeddable":true,"href":"https:\/\/www.crea-mt.org.br\/portal\/wp-json\/wp\/v2\/users\/1"}],"replies":[{"embeddable":true,"href":"https:\/\/www.crea-mt.org.br\/portal\/wp-json\/wp\/v2\/comments?post=7225"}],"version-history":[{"count":0,"href":"https:\/\/www.crea-mt.org.br\/portal\/wp-json\/wp\/v2\/posts\/7225\/revisions"}],"wp:attachment":[{"href":"https:\/\/www.crea-mt.org.br\/portal\/wp-json\/wp\/v2\/media?parent=7225"}],"wp:term":[{"taxonomy":"category","embeddable":true,"href":"https:\/\/www.crea-mt.org.br\/portal\/wp-json\/wp\/v2\/categories?post=7225"},{"taxonomy":"post_tag","embeddable":true,"href":"https:\/\/www.crea-mt.org.br\/portal\/wp-json\/wp\/v2\/tags?post=7225"}],"curies":[{"name":"wp","href":"https:\/\/api.w.org\/{rel}","templated":true}]}}