{"id":7223,"date":"2007-02-08T00:00:00","date_gmt":"2007-02-08T02:00:00","guid":{"rendered":"https:\/\/crea-mt.org.br\/portal\/spp-organiza-o-i-seminario-de-projetos-do-confea\/"},"modified":"2007-02-08T00:00:00","modified_gmt":"2007-02-08T02:00:00","slug":"spp-organiza-o-i-seminario-de-projetos-do-confea","status":"publish","type":"post","link":"https:\/\/www.crea-mt.org.br\/portal\/spp-organiza-o-i-seminario-de-projetos-do-confea\/","title":{"rendered":"SPP organiza o I Semin\u00e1rio de Projetos do Confea"},"content":{"rendered":"<p>A Superintend\u00eancia de Programas e Projetos do Confea (SPP) realiza, nos dias 12 e 13 de fevereiro, no Hotel Fazenda Retiro das Pedras, o I Semin\u00e1rio de Projetos. Participar\u00e3o do evento os coordenadores, gestores, gerentes e superintendentes convocados. O objetivo \u00e9 sensibilizar os participantes para a metodologia de gest\u00e3o por projetos. <\/p>\n<p>Esse primeiro semin\u00e1rio faz parte do Programa de Capacita\u00e7\u00e3o em Gest\u00e3o por Projetos do Confea, dividido em tr\u00eas etapas. A primeira foi uma semana preparat\u00f3ria, entre 29\/1 a 9\/2, em que a SPP enviou material para leitura e instru\u00e7\u00f5es sobre o Semin\u00e1rio. O pr\u00f3ximo passo, depois do semin\u00e1rio, ser\u00e1 um per\u00edodo de plant\u00e3o de projetos, em que a superintend\u00eancia prestar\u00e1 tutoria e auxiliar\u00e1 os interessados na elabora\u00e7\u00e3o dos documentos dos projetos, conforme os padr\u00f5es do Confea. <\/p>\n<p>Ser\u00e1 uma oportunidade para os participantes conhecerem e compartilharem conceitos fundamentais sobre gest\u00e3o de projeto. Ao final do programa, espera-se que eles possam, inclusive, multiplicar os ensinamentos apreendidos no sentido de orientar suas equipes. <\/p>\n<p>O Semin\u00e1rio contar\u00e1 com abertura do presidente do Confea, eng. Civil Marcos T\u00falio de Melo, al\u00e9m de exposi\u00e7\u00f5es do assessor de Planejamento, Vin\u00edcio Duarte e do superintendente do Programas e Projetos, \u00c9dson Macedo, tudo isso na primeira atividade do evento, o Cine Projeto. A programa\u00e7\u00e3o conta ainda com Oficina de Projetos e Jogos de Projetos.<\/p>\n<p><B>Mariana Zanatta<br \/>\nGCO &#8211; Ger\u00eancia de Comunica\u00e7\u00e3o do Confea<\/B><\/p>\n","protected":false},"excerpt":{"rendered":"<p>A Superintend\u00eancia de Programas e Projetos do Confea (SPP) realiza, nos dias 12 e 13 de fevereiro, no Hotel Fazenda Retiro das Pedras, o I Semin\u00e1rio de Projetos. Participar\u00e3o do evento os coordenadores, gestores, gerentes e superintendentes convocados. O objetivo \u00e9 sensibilizar os participantes para a metodologia de gest\u00e3o por projetos. Esse primeiro semin\u00e1rio faz [&hellip;]<\/p>\n","protected":false},"author":1,"featured_media":0,"comment_status":"open","ping_status":"open","sticky":false,"template":"","format":"standard","meta":{"footnotes":""},"categories":[1],"tags":[],"class_list":["post-7223","post","type-post","status-publish","format-standard","hentry","category-noticias"],"acf":[],"_links":{"self":[{"href":"https:\/\/www.crea-mt.org.br\/portal\/wp-json\/wp\/v2\/posts\/7223","targetHints":{"allow":["GET"]}}],"collection":[{"href":"https:\/\/www.crea-mt.org.br\/portal\/wp-json\/wp\/v2\/posts"}],"about":[{"href":"https:\/\/www.crea-mt.org.br\/portal\/wp-json\/wp\/v2\/types\/post"}],"author":[{"embeddable":true,"href":"https:\/\/www.crea-mt.org.br\/portal\/wp-json\/wp\/v2\/users\/1"}],"replies":[{"embeddable":true,"href":"https:\/\/www.crea-mt.org.br\/portal\/wp-json\/wp\/v2\/comments?post=7223"}],"version-history":[{"count":0,"href":"https:\/\/www.crea-mt.org.br\/portal\/wp-json\/wp\/v2\/posts\/7223\/revisions"}],"wp:attachment":[{"href":"https:\/\/www.crea-mt.org.br\/portal\/wp-json\/wp\/v2\/media?parent=7223"}],"wp:term":[{"taxonomy":"category","embeddable":true,"href":"https:\/\/www.crea-mt.org.br\/portal\/wp-json\/wp\/v2\/categories?post=7223"},{"taxonomy":"post_tag","embeddable":true,"href":"https:\/\/www.crea-mt.org.br\/portal\/wp-json\/wp\/v2\/tags?post=7223"}],"curies":[{"name":"wp","href":"https:\/\/api.w.org\/{rel}","templated":true}]}}