{"id":7222,"date":"2007-02-08T00:00:00","date_gmt":"2007-02-08T02:00:00","guid":{"rendered":"https:\/\/crea-mt.org.br\/portal\/crea-mt-divulga-nota-de-pesar-pela-morte-de-profissionais-da-area-em-acidente-aereo\/"},"modified":"2007-02-08T00:00:00","modified_gmt":"2007-02-08T02:00:00","slug":"crea-mt-divulga-nota-de-pesar-pela-morte-de-profissionais-da-area-em-acidente-aereo","status":"publish","type":"post","link":"https:\/\/www.crea-mt.org.br\/portal\/crea-mt-divulga-nota-de-pesar-pela-morte-de-profissionais-da-area-em-acidente-aereo\/","title":{"rendered":"Crea-MT divulga Nota de Pesar pela morte de profissionais da \u00e1rea em acidente a\u00e9reo"},"content":{"rendered":"<p>O presidente do Conselho Regional de Engenharia, Arquitetura e Agronomia de Mato Grosso (Crea-MT), Tarciso Bassan, e, toda a Diretoria do \u00f3rg\u00e3o, receberam com muita consterna\u00e7\u00e3o a not\u00edcia do falecimento do engenheiro florestal Evaldo Tadeu Monteiro Fortes, 40, e do ge\u00f3logo e professor Marcelo Jung Pinho, 35, ocorrido por volta das 7h30 de quarta-feira (07.02), ap\u00f3s a queda de um bimotor na Fazenda Buritizinho, regi\u00e3o de Manso, a 105 km de Cuiab\u00e1. Outras quatro pessoas morreram no acidente com a queda do S\u00eaneca PT-RVI que havia decolado na Capital com destino ao Par\u00e1.<\/p>\n<p>&#8220;Neste momento de dor, manifestamos pesar aos familiares, amigos e admiradores desses profissionais&#8221;, declarou Tarciso Bassan.<\/p>\n<p>De acordo com informa\u00e7\u00f5es da imprensa os demais passageiros Luis Augusto Ribeiro Ara\u00fajo, 65, Orlando Eust\u00e1quio Ribeiro da Silva, 61, Jorge Ant\u00f4nio Correia dos Santos, 27, com exce\u00e7\u00e3o do piloto Magno Caetano Oslan, tamb\u00e9m eram ge\u00f3logos e engenheiros e viajavam a trabalho. Dois deles eram de S\u00e3o Paulo e um de Minas Gerais.<\/p>\n<p>Marcelo era professor de Geologia do Centro Universit\u00e1rio V\u00e1rzea-grandense (Univag), em V\u00e1rzea Grande, desde 2003. O ge\u00f3logo tamb\u00e9m trabalhava na Secretaria Estadual do Meio Ambiente (Sema).<\/p>\n<p>A Ag\u00eancia Nacional de Avi\u00e3o Civil (Anac) informa que piloto e a aeronave estavam com a documenta\u00e7\u00e3o regularizada. Uma equipe de t\u00e9cnicos do \u00f3rg\u00e3o esteve no local e investigar\u00e1 as causas do acidente.<\/p>\n<p>*Rafaela Maximiano<br \/>\nAscom\/Crea-MT<\/p>\n","protected":false},"excerpt":{"rendered":"<p>O presidente do Conselho Regional de Engenharia, Arquitetura e Agronomia de Mato Grosso (Crea-MT), Tarciso Bassan, e, toda a Diretoria do \u00f3rg\u00e3o, receberam com muita consterna\u00e7\u00e3o a not\u00edcia do falecimento do engenheiro florestal Evaldo Tadeu Monteiro Fortes, 40, e do ge\u00f3logo e professor Marcelo Jung Pinho, 35, ocorrido por volta das 7h30 de quarta-feira (07.02), [&hellip;]<\/p>\n","protected":false},"author":1,"featured_media":0,"comment_status":"open","ping_status":"open","sticky":false,"template":"","format":"standard","meta":{"footnotes":""},"categories":[1],"tags":[],"class_list":["post-7222","post","type-post","status-publish","format-standard","hentry","category-noticias"],"acf":[],"_links":{"self":[{"href":"https:\/\/www.crea-mt.org.br\/portal\/wp-json\/wp\/v2\/posts\/7222","targetHints":{"allow":["GET"]}}],"collection":[{"href":"https:\/\/www.crea-mt.org.br\/portal\/wp-json\/wp\/v2\/posts"}],"about":[{"href":"https:\/\/www.crea-mt.org.br\/portal\/wp-json\/wp\/v2\/types\/post"}],"author":[{"embeddable":true,"href":"https:\/\/www.crea-mt.org.br\/portal\/wp-json\/wp\/v2\/users\/1"}],"replies":[{"embeddable":true,"href":"https:\/\/www.crea-mt.org.br\/portal\/wp-json\/wp\/v2\/comments?post=7222"}],"version-history":[{"count":0,"href":"https:\/\/www.crea-mt.org.br\/portal\/wp-json\/wp\/v2\/posts\/7222\/revisions"}],"wp:attachment":[{"href":"https:\/\/www.crea-mt.org.br\/portal\/wp-json\/wp\/v2\/media?parent=7222"}],"wp:term":[{"taxonomy":"category","embeddable":true,"href":"https:\/\/www.crea-mt.org.br\/portal\/wp-json\/wp\/v2\/categories?post=7222"},{"taxonomy":"post_tag","embeddable":true,"href":"https:\/\/www.crea-mt.org.br\/portal\/wp-json\/wp\/v2\/tags?post=7222"}],"curies":[{"name":"wp","href":"https:\/\/api.w.org\/{rel}","templated":true}]}}