{"id":7219,"date":"2007-02-09T00:00:00","date_gmt":"2007-02-09T02:00:00","guid":{"rendered":"https:\/\/crea-mt.org.br\/portal\/ufmt-discute-agua-como-bem-publico\/"},"modified":"2007-02-09T00:00:00","modified_gmt":"2007-02-09T02:00:00","slug":"ufmt-discute-agua-como-bem-publico","status":"publish","type":"post","link":"https:\/\/www.crea-mt.org.br\/portal\/ufmt-discute-agua-como-bem-publico\/","title":{"rendered":"UFMT discute \u00e1gua como bem p\u00fablico"},"content":{"rendered":"<p>\nA Universidade Federal de Mato Grosso (UFMT) criou comiss\u00e3o para organizar uma mesa-redonda para discutir a quest\u00e3o da \u00e1gua. Sob a coordena\u00e7\u00e3o da Pr\u00f3-Reitoria de Viv\u00eancia Acad\u00eamica e Social (Provivas), a comiss\u00e3o definiu como tema dessa mesa, &#8220;\u00c1gua, um bem p\u00fablico: fazemos concess\u00e3o?&#8220;. O evento ser\u00e1 no pr\u00f3ximo dia 27, \u00e0s 14h, no audit\u00f3rio do CCBS III.<\/p>\n<p>A comiss\u00e3o de trabalho foi criada por portaria da Provivas a partir de proposi\u00e7\u00e3o da Faculdade de Arquitetura, Engenharia e Tecnologia (FAET) apresentada pelo Departamento de Engenharia Sanit\u00e1ria e aprovada por chefes de departamentos, coordenadores de cursos e docentes em reuni\u00e3o da Congrega\u00e7\u00e3o. A iniciativa tem o apoio da Faculdade de Direito (FD) e do Instituto de Sa\u00fade Coletiva (ISC), disse a pr\u00f3-reitora Marilda Matsubara, em reuni\u00e3o com diretores e representantes da FAET, ontem. <\/p>\n<p>Tamb\u00e9m estiveram presentes na reuni\u00e3o, para participarem da organiza\u00e7\u00e3o e da mobiliza\u00e7\u00e3o para a mesa-redonda, os diretores do Instituto de Bioci\u00eancias (IB), L\u00farnio Dias Ferreira e da Faculdade de Engenharia Florestal (FENF), Versides Sebasti\u00e3o de Moraes e a diretora do Instituto de Ci\u00eancias Humanas e Sociais (ICHS), Tereza Cristina de Souza Higa, al\u00e9m da diretora da FAET, Marta Nogueira.<\/p>\n<p>Trata-se de uma discuss\u00e3o da comunidade universit\u00e1ria, sob \u00f3tica acad\u00eamica e social, a respeito de um tema com larga repercuss\u00e3o sobre toda a sociedade, enfatiza a pr\u00f3-reitora. Ela sugere a realiza\u00e7\u00e3o de discuss\u00f5es preliminares no \u00e2mbito das unidades acad\u00eamicas por meio de seus colegiados e congrega\u00e7\u00f5es.<\/p>\n<p><B>Fonte: <\/B>www.ufmt.br<\/p>\n","protected":false},"excerpt":{"rendered":"<p>A Universidade Federal de Mato Grosso (UFMT) criou comiss\u00e3o para organizar uma mesa-redonda para discutir a quest\u00e3o da \u00e1gua. Sob a coordena\u00e7\u00e3o da Pr\u00f3-Reitoria de Viv\u00eancia Acad\u00eamica e Social (Provivas), a comiss\u00e3o definiu como tema dessa mesa, &#8220;\u00c1gua, um bem p\u00fablico: fazemos concess\u00e3o?&#8220;. O evento ser\u00e1 no pr\u00f3ximo dia 27, \u00e0s 14h, no audit\u00f3rio do [&hellip;]<\/p>\n","protected":false},"author":1,"featured_media":0,"comment_status":"open","ping_status":"open","sticky":false,"template":"","format":"standard","meta":{"footnotes":""},"categories":[1],"tags":[],"class_list":["post-7219","post","type-post","status-publish","format-standard","hentry","category-noticias"],"acf":[],"_links":{"self":[{"href":"https:\/\/www.crea-mt.org.br\/portal\/wp-json\/wp\/v2\/posts\/7219","targetHints":{"allow":["GET"]}}],"collection":[{"href":"https:\/\/www.crea-mt.org.br\/portal\/wp-json\/wp\/v2\/posts"}],"about":[{"href":"https:\/\/www.crea-mt.org.br\/portal\/wp-json\/wp\/v2\/types\/post"}],"author":[{"embeddable":true,"href":"https:\/\/www.crea-mt.org.br\/portal\/wp-json\/wp\/v2\/users\/1"}],"replies":[{"embeddable":true,"href":"https:\/\/www.crea-mt.org.br\/portal\/wp-json\/wp\/v2\/comments?post=7219"}],"version-history":[{"count":0,"href":"https:\/\/www.crea-mt.org.br\/portal\/wp-json\/wp\/v2\/posts\/7219\/revisions"}],"wp:attachment":[{"href":"https:\/\/www.crea-mt.org.br\/portal\/wp-json\/wp\/v2\/media?parent=7219"}],"wp:term":[{"taxonomy":"category","embeddable":true,"href":"https:\/\/www.crea-mt.org.br\/portal\/wp-json\/wp\/v2\/categories?post=7219"},{"taxonomy":"post_tag","embeddable":true,"href":"https:\/\/www.crea-mt.org.br\/portal\/wp-json\/wp\/v2\/tags?post=7219"}],"curies":[{"name":"wp","href":"https:\/\/api.w.org\/{rel}","templated":true}]}}