{"id":7218,"date":"2007-02-09T00:00:00","date_gmt":"2007-02-09T02:00:00","guid":{"rendered":"https:\/\/crea-mt.org.br\/portal\/tecnocampo-comecou-hoje-em-campo-novo\/"},"modified":"2007-02-09T00:00:00","modified_gmt":"2007-02-09T02:00:00","slug":"tecnocampo-comecou-hoje-em-campo-novo","status":"publish","type":"post","link":"https:\/\/www.crea-mt.org.br\/portal\/tecnocampo-comecou-hoje-em-campo-novo\/","title":{"rendered":"TecnoCampo come\u00e7ou hoje em Campo Novo"},"content":{"rendered":"<p>As &#8216;Novas oportunidades e os Novos neg\u00f3cios&#8217; para a agricultura est\u00e3o sendo apresentadas a partir de hoje (09) em Campo Novo do Parecis. Durante dois dias a Fazenda Itamarati Norte, localizada no entrocamento h\u00e1 70 km de Tangar\u00e1 da Serra e h\u00e1 70 km antes de Campo Novo do Parecis, ser\u00e1 palco da difus\u00e3o tecnol\u00f3gica com a realiza\u00e7\u00e3o da segunda etapa do TecnoCampo 2007. <\/p>\n<p>Promovido pela Funda\u00e7\u00e3o de Apoio \u00e0 Pesquisa Agropecu\u00e1ria de Mato Grosso (Funda\u00e7\u00e3o MT) e Associa\u00e7\u00e3o dos Produtores de Soja de Mato Grosso (Aprosoja), o TecnoCampo leva para a classe agr\u00edcola todas as novidades para ajudar o produtor ter mais sustentabilidade em seus neg\u00f3cios. <\/p>\n<p>&#8220;Este \u00e9 o grande momento para discutirmos novos caminhos. Com o mercado em rea\u00e7\u00e3o, a agroenergia sendo cada vez mais demandada e a popula\u00e7\u00e3o mundial em crescimento, precisamos estar preparados para aproveitar esta onda&#8221;, aponta Hugo de Carvalho Ribeiro, presidente da Funda\u00e7\u00e3o MT. <\/p>\n<p>E para apresentar as novas tend\u00eancias para o complexo da soja, o TecnoCampo conta com uma equipe altamente qualificada, formada por especialistas em doen\u00e7as da soja, pragas, nutri\u00e7\u00e3o e aduba\u00e7\u00e3o, nemat\u00f3ides, sistemas de produ\u00e7\u00e3o, tecnologia de aplica\u00e7\u00e3o, organismos geneticamente modificados, gest\u00e3o socioambiental, cultivares, manejo bioenerg\u00e9tico e mercado. <\/p>\n<p>&#8220;O TecnoCampo tem uma programa\u00e7\u00e3o diversificada que atendem as reais necessidades dos produtores. \u00c9 um evento totalmente direcionado em tecnologia e no produtor&#8221;, destaca Ribeiro. <\/p>\n<p><B>Participa\u00e7\u00e3o<\/B><br \/>\nA inscri\u00e7\u00e3o para participar do TecnoCampo pode ser feita gratuitamente no local do evento. Ser\u00e1 entregue para cada participante do TecnoCampo 2007 material did\u00e1tico composto por sacola, caneta, materiais dos expositores e um cd com as palestras apresentadas no evento. Estar\u00e1 ainda a disposi\u00e7\u00e3o dos participantes, em primeira m\u00e3o, por um pre\u00e7o especial, Boletim de Pesquisa de Soja 2007, com os resultados de pesquisas realizadas pela Funda\u00e7\u00e3o MT e de outras institui\u00e7\u00f5es parceiras. Al\u00e9m deste material, interessados em saber sobre as cultivares convencionais e transg\u00eanicas da Funda\u00e7\u00e3o MT, poder\u00e3o adquirir no TecnoCampo, gratuitamente, o Boletim de Cultivares.<\/p>\n<p><B>Fonte: <\/B>www.24horasnews.com.br<\/p>\n","protected":false},"excerpt":{"rendered":"<p>As &#8216;Novas oportunidades e os Novos neg\u00f3cios&#8217; para a agricultura est\u00e3o sendo apresentadas a partir de hoje (09) em Campo Novo do Parecis. Durante dois dias a Fazenda Itamarati Norte, localizada no entrocamento h\u00e1 70 km de Tangar\u00e1 da Serra e h\u00e1 70 km antes de Campo Novo do Parecis, ser\u00e1 palco da difus\u00e3o tecnol\u00f3gica [&hellip;]<\/p>\n","protected":false},"author":1,"featured_media":0,"comment_status":"open","ping_status":"open","sticky":false,"template":"","format":"standard","meta":{"footnotes":""},"categories":[1],"tags":[],"class_list":["post-7218","post","type-post","status-publish","format-standard","hentry","category-noticias"],"acf":[],"_links":{"self":[{"href":"https:\/\/www.crea-mt.org.br\/portal\/wp-json\/wp\/v2\/posts\/7218","targetHints":{"allow":["GET"]}}],"collection":[{"href":"https:\/\/www.crea-mt.org.br\/portal\/wp-json\/wp\/v2\/posts"}],"about":[{"href":"https:\/\/www.crea-mt.org.br\/portal\/wp-json\/wp\/v2\/types\/post"}],"author":[{"embeddable":true,"href":"https:\/\/www.crea-mt.org.br\/portal\/wp-json\/wp\/v2\/users\/1"}],"replies":[{"embeddable":true,"href":"https:\/\/www.crea-mt.org.br\/portal\/wp-json\/wp\/v2\/comments?post=7218"}],"version-history":[{"count":0,"href":"https:\/\/www.crea-mt.org.br\/portal\/wp-json\/wp\/v2\/posts\/7218\/revisions"}],"wp:attachment":[{"href":"https:\/\/www.crea-mt.org.br\/portal\/wp-json\/wp\/v2\/media?parent=7218"}],"wp:term":[{"taxonomy":"category","embeddable":true,"href":"https:\/\/www.crea-mt.org.br\/portal\/wp-json\/wp\/v2\/categories?post=7218"},{"taxonomy":"post_tag","embeddable":true,"href":"https:\/\/www.crea-mt.org.br\/portal\/wp-json\/wp\/v2\/tags?post=7218"}],"curies":[{"name":"wp","href":"https:\/\/api.w.org\/{rel}","templated":true}]}}