{"id":7212,"date":"2007-02-09T00:00:00","date_gmt":"2007-02-09T02:00:00","guid":{"rendered":"https:\/\/crea-mt.org.br\/portal\/tate-modern-de-londres-fara-mostra-de-arquitetura\/"},"modified":"2007-02-09T00:00:00","modified_gmt":"2007-02-09T02:00:00","slug":"tate-modern-de-londres-fara-mostra-de-arquitetura","status":"publish","type":"post","link":"https:\/\/www.crea-mt.org.br\/portal\/tate-modern-de-londres-fara-mostra-de-arquitetura\/","title":{"rendered":"Tate Modern de Londres Far\u00e1 Mostra de Arquitetura"},"content":{"rendered":"<p>Tate Modern de Londres, o maior museu de arte contempor\u00e2nea do mundo, far\u00e1 em junho uma mostra sobre a arquitetura de dez cidades, no hall das Turbinas.<\/p>\n<p>A exposi\u00e7\u00e3o, inspirada na \u00faltima Bienal de Arquitetura de Veneza, incluir\u00e1 importantes projetos arquitet\u00f4nicos das dez cidades mais importantes do planeta e seus legados internacionais.<\/p>\n<p>A lista das cidades escolhidas ainda n\u00e3o foi publicada, mas foi informado que as metr\u00f3poles selecionadas &#8220;definem as transforma\u00e7\u00f5es profundas da urbe contempor\u00e2nea&#8221;.<\/p>\n<p>Segundo informa\u00e7\u00f5es do Tate Modern, o projeto ser\u00e1 feito pelos arquitetos mais reconhecidos da Gr\u00e3-Bretanha, entre eles a iraquiana Zaha Hadid e o ingl\u00eas Norman Foster.<\/p>\n<p>Esta \u00e9 a segunda mostra realizada pelo museu londrino dedicada \u00e0 arquitetura. Em 2005 aconteceu uma sobre os artistas Herzog e De Meuron, que contou com 250 modelos de desenho dos renomados arquitetos su\u00ed\u00e7os.<\/p>\n<p><B>Fonte:<\/B>   CONFEA<\/p>\n","protected":false},"excerpt":{"rendered":"<p>Tate Modern de Londres, o maior museu de arte contempor\u00e2nea do mundo, far\u00e1 em junho uma mostra sobre a arquitetura de dez cidades, no hall das Turbinas. A exposi\u00e7\u00e3o, inspirada na \u00faltima Bienal de Arquitetura de Veneza, incluir\u00e1 importantes projetos arquitet\u00f4nicos das dez cidades mais importantes do planeta e seus legados internacionais. A lista das [&hellip;]<\/p>\n","protected":false},"author":1,"featured_media":0,"comment_status":"open","ping_status":"open","sticky":false,"template":"","format":"standard","meta":{"footnotes":""},"categories":[1],"tags":[],"class_list":["post-7212","post","type-post","status-publish","format-standard","hentry","category-noticias"],"acf":[],"_links":{"self":[{"href":"https:\/\/www.crea-mt.org.br\/portal\/wp-json\/wp\/v2\/posts\/7212","targetHints":{"allow":["GET"]}}],"collection":[{"href":"https:\/\/www.crea-mt.org.br\/portal\/wp-json\/wp\/v2\/posts"}],"about":[{"href":"https:\/\/www.crea-mt.org.br\/portal\/wp-json\/wp\/v2\/types\/post"}],"author":[{"embeddable":true,"href":"https:\/\/www.crea-mt.org.br\/portal\/wp-json\/wp\/v2\/users\/1"}],"replies":[{"embeddable":true,"href":"https:\/\/www.crea-mt.org.br\/portal\/wp-json\/wp\/v2\/comments?post=7212"}],"version-history":[{"count":0,"href":"https:\/\/www.crea-mt.org.br\/portal\/wp-json\/wp\/v2\/posts\/7212\/revisions"}],"wp:attachment":[{"href":"https:\/\/www.crea-mt.org.br\/portal\/wp-json\/wp\/v2\/media?parent=7212"}],"wp:term":[{"taxonomy":"category","embeddable":true,"href":"https:\/\/www.crea-mt.org.br\/portal\/wp-json\/wp\/v2\/categories?post=7212"},{"taxonomy":"post_tag","embeddable":true,"href":"https:\/\/www.crea-mt.org.br\/portal\/wp-json\/wp\/v2\/tags?post=7212"}],"curies":[{"name":"wp","href":"https:\/\/api.w.org\/{rel}","templated":true}]}}