{"id":7211,"date":"2007-02-09T00:00:00","date_gmt":"2007-02-09T02:00:00","guid":{"rendered":"https:\/\/crea-mt.org.br\/portal\/engenheiro-florestal-para-trabalhar-no-programa-de-ates\/"},"modified":"2007-02-09T00:00:00","modified_gmt":"2007-02-09T02:00:00","slug":"engenheiro-florestal-para-trabalhar-no-programa-de-ates","status":"publish","type":"post","link":"https:\/\/www.crea-mt.org.br\/portal\/engenheiro-florestal-para-trabalhar-no-programa-de-ates\/","title":{"rendered":"Engenheiro Florestal para Trabalhar no Programa de ATES"},"content":{"rendered":"<p>A Empresa ASTEC est\u00e1 contratando engenheiro florestal para trabalhar no Programa de ATES em assentamentos humanos rurais na regi\u00e3o nordeste do Mato Grosso (sede em S\u00e3o F\u00e9lix do Araguaia).<\/p>\n<p>As atividades ser\u00e3o relacionadas com manejo dos recursos naturais, agroextrativismo, SAF&#8217;s, Sistema agrossilvopastoril e preserva\u00e7ao ambiental. A empresa oferece capacita\u00e7\u00e3o e nivelamento t\u00e9cnico para os contratos, um m\u00f3dulo ser\u00e1 realizado dia 09 a 12 de fevereiro de 2007, portanto, os interessados se apressem.<\/p>\n<p>Pode ser rec\u00e9m-formado &#8211; pr\u00e9-requisito: andar bem de moto.<\/p>\n<p>Contato, d\u00favidas e envio de curr\u00edculos:<br \/>\nR\u00f4mulo Quedi:<br \/>\n(66) 3522 &#8211; 1693\/ (66) 9953 &#8211; 3323 ou e-mail: astecaraguaia@gmail.com<\/p>\n<p><B>Fonte:   <\/B>SBEF<\/p>\n","protected":false},"excerpt":{"rendered":"<p>A Empresa ASTEC est\u00e1 contratando engenheiro florestal para trabalhar no Programa de ATES em assentamentos humanos rurais na regi\u00e3o nordeste do Mato Grosso (sede em S\u00e3o F\u00e9lix do Araguaia). As atividades ser\u00e3o relacionadas com manejo dos recursos naturais, agroextrativismo, SAF&#8217;s, Sistema agrossilvopastoril e preserva\u00e7ao ambiental. A empresa oferece capacita\u00e7\u00e3o e nivelamento t\u00e9cnico para os contratos, [&hellip;]<\/p>\n","protected":false},"author":1,"featured_media":0,"comment_status":"open","ping_status":"open","sticky":false,"template":"","format":"standard","meta":{"footnotes":""},"categories":[1],"tags":[],"class_list":["post-7211","post","type-post","status-publish","format-standard","hentry","category-noticias"],"acf":[],"_links":{"self":[{"href":"https:\/\/www.crea-mt.org.br\/portal\/wp-json\/wp\/v2\/posts\/7211","targetHints":{"allow":["GET"]}}],"collection":[{"href":"https:\/\/www.crea-mt.org.br\/portal\/wp-json\/wp\/v2\/posts"}],"about":[{"href":"https:\/\/www.crea-mt.org.br\/portal\/wp-json\/wp\/v2\/types\/post"}],"author":[{"embeddable":true,"href":"https:\/\/www.crea-mt.org.br\/portal\/wp-json\/wp\/v2\/users\/1"}],"replies":[{"embeddable":true,"href":"https:\/\/www.crea-mt.org.br\/portal\/wp-json\/wp\/v2\/comments?post=7211"}],"version-history":[{"count":0,"href":"https:\/\/www.crea-mt.org.br\/portal\/wp-json\/wp\/v2\/posts\/7211\/revisions"}],"wp:attachment":[{"href":"https:\/\/www.crea-mt.org.br\/portal\/wp-json\/wp\/v2\/media?parent=7211"}],"wp:term":[{"taxonomy":"category","embeddable":true,"href":"https:\/\/www.crea-mt.org.br\/portal\/wp-json\/wp\/v2\/categories?post=7211"},{"taxonomy":"post_tag","embeddable":true,"href":"https:\/\/www.crea-mt.org.br\/portal\/wp-json\/wp\/v2\/tags?post=7211"}],"curies":[{"name":"wp","href":"https:\/\/api.w.org\/{rel}","templated":true}]}}