{"id":7210,"date":"2007-02-12T00:00:00","date_gmt":"2007-02-12T02:00:00","guid":{"rendered":"https:\/\/crea-mt.org.br\/portal\/marinha-abre-22-vagas-para-corpo-de-engenheiros\/"},"modified":"2007-02-12T00:00:00","modified_gmt":"2007-02-12T02:00:00","slug":"marinha-abre-22-vagas-para-corpo-de-engenheiros","status":"publish","type":"post","link":"https:\/\/www.crea-mt.org.br\/portal\/marinha-abre-22-vagas-para-corpo-de-engenheiros\/","title":{"rendered":"Marinha abre 22 vagas para Corpo de Engenheiros"},"content":{"rendered":"<p>O Comando do 6\u00ba Distrito Naval comunica a abertura de inscri\u00e7\u00f5es para o processo seletivo de ingresso no Corpo de Engenheiros da Marinha-2007. As inscri\u00e7\u00f5es acontecer\u00e3o no per\u00edodo de 15 de fevereiro a 23 de mar\u00e7o e dever\u00e3o ser realizadas, em n\u00edvel nacional, preferencialmente via Internet, na p\u00e1gina oficial da Diretoria de Ensino da Marinha (DEnsM), no endere\u00e7o www.ensino.mar.mil.br, no link &#8220;Concursos&#8221;, ou pessoalmente no Servi\u00e7o de Recrutamento Distrital do Comando do 6\u00ba Distrito Naval, na avenida 14 de mar\u00e7o, sem n\u00famero, Centro de Lad\u00e1rio. O telefone de contato \u00e9 o (067) 3234-1016.<\/p>\n<p>S\u00e3o oferecidas um total de 22 vagas, distribu\u00eddas nas seguintes \u00e1reas: Engenharia de Produ\u00e7\u00e3o Industrial (02); Engenharia El\u00e9trica (04); Engenharia Eletr\u00f4nica (04); Engenharia Mec\u00e2nica (04); Engenharia Mecatr\u00f4nica (04) e Engenharia Qu\u00edmica (04).<\/p>\n<p>Para se inscrever \u00e9 preciso atender \u00e0s seguintes condi\u00e7\u00f5es: ser brasileiro nato (ambos os sexos); ter menos de 32 anos de idade no dia 31 de mar\u00e7o de 2008, data do in\u00edcio do curso (nascidos a partir de 01\/04\/1976, inclusive); ter idoneidade moral e bons antecedentes para a situa\u00e7\u00e3o de futuro Oficial da Marinha; encontrar-se em dia com as obriga\u00e7\u00f5es civis e militares; estar autorizado pela respectiva For\u00e7a Armada ou For\u00e7a Auxiliar, em se tratando de militar ou membro da Pol\u00edcia e do Corpo de Bombeiros Militares, em atividade; n\u00e3o estar &#8220;sub judice&#8221; ou respondendo a inqu\u00e9rito; ter conclu\u00eddo o curso de Engenharia, relativo \u00e0 profiss\u00e3o a que concorre, at\u00e9 a data prevista no Calend\u00e1rio de Eventos para a verifica\u00e7\u00e3o de documentos; estar registrado no \u00f3rg\u00e3o fiscalizador da profiss\u00e3o, at\u00e9 a data prevista no Calend\u00e1rio de Eventos para a verifica\u00e7\u00e3o de documentos; n\u00e3o ter sido reprovado, por insufici\u00eancia de nota de conceito ou por falta disciplinar incompat\u00edvel com o Oficialato, em Curso de Forma\u00e7\u00e3o de Oficiais ou Est<br \/>\n\u00e1gio de Aplica\u00e7\u00e3o de processo seletivo anterior; ter grau hier\u00e1rquico at\u00e9 o posto de Primeiro-Tenente, se militar em servi\u00e7o ativo ou na reserva; efetuar o pagamento da taxa de inscri\u00e7\u00e3o de R$ 62; possuir registro no Cadastro de Pessoas F\u00edsicas (CPF); possuir documento oficial de identifica\u00e7\u00e3o, com fotografia.<\/p>\n<p><B>Fonte: <\/B>Corumb\u00e1 On Line<\/p>\n","protected":false},"excerpt":{"rendered":"<p>O Comando do 6\u00ba Distrito Naval comunica a abertura de inscri\u00e7\u00f5es para o processo seletivo de ingresso no Corpo de Engenheiros da Marinha-2007. As inscri\u00e7\u00f5es acontecer\u00e3o no per\u00edodo de 15 de fevereiro a 23 de mar\u00e7o e dever\u00e3o ser realizadas, em n\u00edvel nacional, preferencialmente via Internet, na p\u00e1gina oficial da Diretoria de Ensino da Marinha [&hellip;]<\/p>\n","protected":false},"author":1,"featured_media":0,"comment_status":"open","ping_status":"open","sticky":false,"template":"","format":"standard","meta":{"footnotes":""},"categories":[1],"tags":[],"class_list":["post-7210","post","type-post","status-publish","format-standard","hentry","category-noticias"],"acf":[],"_links":{"self":[{"href":"https:\/\/www.crea-mt.org.br\/portal\/wp-json\/wp\/v2\/posts\/7210","targetHints":{"allow":["GET"]}}],"collection":[{"href":"https:\/\/www.crea-mt.org.br\/portal\/wp-json\/wp\/v2\/posts"}],"about":[{"href":"https:\/\/www.crea-mt.org.br\/portal\/wp-json\/wp\/v2\/types\/post"}],"author":[{"embeddable":true,"href":"https:\/\/www.crea-mt.org.br\/portal\/wp-json\/wp\/v2\/users\/1"}],"replies":[{"embeddable":true,"href":"https:\/\/www.crea-mt.org.br\/portal\/wp-json\/wp\/v2\/comments?post=7210"}],"version-history":[{"count":0,"href":"https:\/\/www.crea-mt.org.br\/portal\/wp-json\/wp\/v2\/posts\/7210\/revisions"}],"wp:attachment":[{"href":"https:\/\/www.crea-mt.org.br\/portal\/wp-json\/wp\/v2\/media?parent=7210"}],"wp:term":[{"taxonomy":"category","embeddable":true,"href":"https:\/\/www.crea-mt.org.br\/portal\/wp-json\/wp\/v2\/categories?post=7210"},{"taxonomy":"post_tag","embeddable":true,"href":"https:\/\/www.crea-mt.org.br\/portal\/wp-json\/wp\/v2\/tags?post=7210"}],"curies":[{"name":"wp","href":"https:\/\/api.w.org\/{rel}","templated":true}]}}