{"id":7209,"date":"2007-02-09T00:00:00","date_gmt":"2007-02-09T02:00:00","guid":{"rendered":"https:\/\/crea-mt.org.br\/portal\/joaozinho-trinta-com-o-tema-acessibilidade-na-avenida\/"},"modified":"2007-02-09T00:00:00","modified_gmt":"2007-02-09T02:00:00","slug":"joaozinho-trinta-com-o-tema-acessibilidade-na-avenida","status":"publish","type":"post","link":"https:\/\/www.crea-mt.org.br\/portal\/joaozinho-trinta-com-o-tema-acessibilidade-na-avenida\/","title":{"rendered":"Jo\u00e3ozinho Trinta com o tema &#8216;acessibilidade&#8217; na Avenida"},"content":{"rendered":"<p>\nOs deficientes do Distrito Federal v\u00e3o ter espa\u00e7o garantido no carnaval 2007 do Parano\u00e1. Quem garante \u00e9 o carnavalesco Jo\u00e3ozinho Trinta, que este ano assumiu a supervis\u00e3o do carnaval da Escola de Samba Unidos da Vila Parano\u00e1. A Escola do 3\u00ba grupo vai contar os 50 anos do Parano\u00e1, cidade que acolheu os pioneiros durante a constru\u00e7\u00e3o da capital federal, em 1957. Criada em mar\u00e7o de 2006, a escola desfila pela primeira vez e traz o enredo: &#8220;O V\u00f4o M\u00e1gico de 1957 a 2007- da pequena vila de oper\u00e1rios \u00e0 grande e bela cidade- 50 anos de lutas e gl\u00f3rias&#8221;.<\/p>\n<p>Para Jo\u00e3ozinho Trinta, a ala para deficientes na Unidos da Vila Parano\u00e1 \u00e9 uma forma de chamar a aten\u00e7\u00e3o da sociedade para as dificuldades enfrentadas por quem tem necessidades especiais. &#8220;Tenho sofrido com a falta de acessibilidade das cidades e conhe\u00e7o muita gente que enfrenta os mesmos problemas&#8221;, desabafou o carnavalesco, que sofreu um derrame em 1996 e outro em 2004 e hoje se locomove em cadeira de rodas. H\u00e1 um ano, ele faz tratamento no hospital Sarah Kubitschek, em Bras\u00edlia.<\/p>\n<p><B>Crea-DF<\/B><\/p>\n<p>Acompanhado do ex-secret\u00e1rio de cultura do Distrito Federal, Ricardo Marques, Jo\u00e3ozinho Trinta compareceu ao Crea-DF para pedir o apoio da institui\u00e7\u00e3o para os projetos que pretende desenvolver na capital a partir deste ano. Atualmente, al\u00e9m de coordenar os trabalhos da Unidos da Vila Parano\u00e1, ele trabalha com menores carentes do Parano\u00e1 e ap\u00f3ia projetos na \u00e1rea da acessibilidade.<\/p>\n<p>Segundo o ex-secret\u00e1rio de Cultura, a id\u00e9ia \u00e9 trazer a genialidade do carnavalesco para transformar todo o carnaval do DF. &#8220;Jo\u00e3zinho Trinta dar\u00e1 ao nosso carnaval o valor que ele merece. Ela vai trabalhar na capacita\u00e7\u00e3o de carnavalescos de todas as nossas cidades&#8221;, garantiu. Marques afirmou ainda que o carnavalesco vai impulsionar a cultura do da Capital que hoje possui o maior n\u00famero de salas de cinema e de teatros do Brasil.<\/p>\n<p>Para a Presidente do Crea-DF, eng. civil Lia S\u00e1, a criatividade de Jo\u00e3ozinho Trinta trar\u00e1 mais vida para a Capital Federal. Ela lembrou ainda que o fato de ele tamb\u00e9m estar engajado na quest\u00e3o da acessibilidade vai permitir muitas parcerias com o Crea. &#8220;Atualmente a acessibilidade \u00e9 uma das principais bandeiras de todo o Sistema Confea\/Crea e a colabora\u00e7\u00e3o do Jo\u00e3ozinho Trinta dar\u00e1 mais visibilidade ao assunto. A sociedade s\u00f3 tem a ganhar com isso.<\/p>\n<p>N\u00f3s do Crea-DF estamos de portas abertas para projetos que tornem nossas cidades sustent\u00e1veis e com melhor qualidade de vida&#8221;, destacou Lia S\u00e1. Ela lembrou que, neste primeiro semestre, Regional lan\u00e7ar\u00e1 o concurso &#8220;Quadra Acess\u00edvel&#8221;, em que a quadra mais acess\u00edvel do Plano Piloto ser\u00e1 premiada.<\/p>\n<p>Para Jo\u00e3ozinho Trinta, morar e trabalhar em Bras\u00edlia \u00e9 uma oportunidade h\u00e1 muito almejada. &#8220;Aqui \u00e9 um lugar ideal para desenvolver a cultura, porque temos povos de todas as regi\u00f5es. Ser\u00e1 um imenso prazer trabalhar aqui&#8221;, fez quest\u00e3o de ressaltar. Para ele, a quest\u00e3o de acessibilidade deve receber mais destaque e, nesse sentido, o apoio do Crea-DF \u00e9 fundamental.<\/p>\n<p><B>Ana Karienina<\/B><br \/>\nAssessoria de Imprensa do Crea-DF<\/p>\n","protected":false},"excerpt":{"rendered":"<p>Os deficientes do Distrito Federal v\u00e3o ter espa\u00e7o garantido no carnaval 2007 do Parano\u00e1. Quem garante \u00e9 o carnavalesco Jo\u00e3ozinho Trinta, que este ano assumiu a supervis\u00e3o do carnaval da Escola de Samba Unidos da Vila Parano\u00e1. A Escola do 3\u00ba grupo vai contar os 50 anos do Parano\u00e1, cidade que acolheu os pioneiros durante [&hellip;]<\/p>\n","protected":false},"author":1,"featured_media":0,"comment_status":"open","ping_status":"open","sticky":false,"template":"","format":"standard","meta":{"footnotes":""},"categories":[1],"tags":[],"class_list":["post-7209","post","type-post","status-publish","format-standard","hentry","category-noticias"],"acf":[],"_links":{"self":[{"href":"https:\/\/www.crea-mt.org.br\/portal\/wp-json\/wp\/v2\/posts\/7209","targetHints":{"allow":["GET"]}}],"collection":[{"href":"https:\/\/www.crea-mt.org.br\/portal\/wp-json\/wp\/v2\/posts"}],"about":[{"href":"https:\/\/www.crea-mt.org.br\/portal\/wp-json\/wp\/v2\/types\/post"}],"author":[{"embeddable":true,"href":"https:\/\/www.crea-mt.org.br\/portal\/wp-json\/wp\/v2\/users\/1"}],"replies":[{"embeddable":true,"href":"https:\/\/www.crea-mt.org.br\/portal\/wp-json\/wp\/v2\/comments?post=7209"}],"version-history":[{"count":0,"href":"https:\/\/www.crea-mt.org.br\/portal\/wp-json\/wp\/v2\/posts\/7209\/revisions"}],"wp:attachment":[{"href":"https:\/\/www.crea-mt.org.br\/portal\/wp-json\/wp\/v2\/media?parent=7209"}],"wp:term":[{"taxonomy":"category","embeddable":true,"href":"https:\/\/www.crea-mt.org.br\/portal\/wp-json\/wp\/v2\/categories?post=7209"},{"taxonomy":"post_tag","embeddable":true,"href":"https:\/\/www.crea-mt.org.br\/portal\/wp-json\/wp\/v2\/tags?post=7209"}],"curies":[{"name":"wp","href":"https:\/\/api.w.org\/{rel}","templated":true}]}}