{"id":7208,"date":"2007-02-09T00:00:00","date_gmt":"2007-02-09T02:00:00","guid":{"rendered":"https:\/\/crea-mt.org.br\/portal\/tulio-busca-apoio-da-alemanha-para-wec-2008\/"},"modified":"2007-02-09T00:00:00","modified_gmt":"2007-02-09T02:00:00","slug":"tulio-busca-apoio-da-alemanha-para-wec-2008","status":"publish","type":"post","link":"https:\/\/www.crea-mt.org.br\/portal\/tulio-busca-apoio-da-alemanha-para-wec-2008\/","title":{"rendered":"T\u00falio busca apoio da Alemanha para WEC 2008"},"content":{"rendered":"<p>&#8220;A primeira WEC, realizada em Hannover, Alemanha, no ano 2000, marcou a hist\u00f3ria da engenharia e demonstrou a capacidade dos profissionais alem\u00e3es de receberem bem os colegas do mundo inteiro. Desta vez, como anfitri\u00f5es, queremos retribuir a hospitalidade de voc\u00eas&#8221;. Esta foi a maneira como o presidente do Confea, eng. civil Marcos T\u00falio de Melo, se dirigiu ao embaixador da Alemanha, Prot Von Kunow, em visita \u00e0 sede diplom\u00e1tica do pa\u00eds europeu nesta quinta-feira, dia 2\/2.<\/p>\n<p>O encontro d\u00e1 continuidade \u00e0 s\u00e9rie de visitas que Marcos T\u00falio vem promovendo \u00e0s embaixadas instaladas na capital do pa\u00eds para divulgar a Conven\u00e7\u00e3o Mundial de Engenheiros (WEC 2008). Mais uma vez, o presidente do Confea pediu apoio em pelo menos duas a\u00e7\u00f5es: a divulga\u00e7\u00e3o do evento junto aos profissionais alem\u00e3es e o suporte \u00e0 delega\u00e7\u00e3o germ\u00e2nica que vier participar. &#8220;Certamente, a Alemanha ser\u00e1 um dos pa\u00edses com maior n\u00famero de participantes. Primeiro, porque o pa\u00eds criou a tradi\u00e7\u00e3o de se realizar a WEC a cada quatro anos; e, principalmente, porque a engenharia alem\u00e3 \u00e9 refer\u00eancia mundial. \u00c9 onde a tecnologia de ponta se alia melhor \u00e0 preocupa\u00e7\u00e3o com o meio ambiente e sustentabilidade&#8221;, ressaltou Marcos T\u00falio. <\/p>\n<p>O embaixador, que est\u00e1 em Bras\u00edlia h\u00e1 pouco mais de dois anos, prometeu apoio irrestrito ao evento. Se prontificou a divulgar as a\u00e7\u00f5es da WEC e frisou que os alem\u00e3es ter\u00e3o a estrutura da embaixada \u00e0 disposi\u00e7\u00e3o durante o evento. &#8220;Tenho acompanhado as primeiras a\u00e7\u00f5es de organiza\u00e7\u00e3o da WEC e me chama aten\u00e7\u00e3o a preocupa\u00e7\u00e3o, dentro do programa, com as metas do mil\u00eanio. N\u00e3o h\u00e1 d\u00favida de que a engenharia, uma vez organizada mundialmente, ter\u00e1 participa\u00e7\u00e3o definitiva no cumprimento de cada desafio&#8221;, analisou Von Kunow.<\/p>\n<p><B>Sandro Farias<br \/>\nGCO\/Confea<\/B><\/p>\n","protected":false},"excerpt":{"rendered":"<p>&#8220;A primeira WEC, realizada em Hannover, Alemanha, no ano 2000, marcou a hist\u00f3ria da engenharia e demonstrou a capacidade dos profissionais alem\u00e3es de receberem bem os colegas do mundo inteiro. Desta vez, como anfitri\u00f5es, queremos retribuir a hospitalidade de voc\u00eas&#8221;. Esta foi a maneira como o presidente do Confea, eng. civil Marcos T\u00falio de Melo, [&hellip;]<\/p>\n","protected":false},"author":1,"featured_media":0,"comment_status":"open","ping_status":"open","sticky":false,"template":"","format":"standard","meta":{"footnotes":""},"categories":[1],"tags":[],"class_list":["post-7208","post","type-post","status-publish","format-standard","hentry","category-noticias"],"acf":[],"_links":{"self":[{"href":"https:\/\/www.crea-mt.org.br\/portal\/wp-json\/wp\/v2\/posts\/7208","targetHints":{"allow":["GET"]}}],"collection":[{"href":"https:\/\/www.crea-mt.org.br\/portal\/wp-json\/wp\/v2\/posts"}],"about":[{"href":"https:\/\/www.crea-mt.org.br\/portal\/wp-json\/wp\/v2\/types\/post"}],"author":[{"embeddable":true,"href":"https:\/\/www.crea-mt.org.br\/portal\/wp-json\/wp\/v2\/users\/1"}],"replies":[{"embeddable":true,"href":"https:\/\/www.crea-mt.org.br\/portal\/wp-json\/wp\/v2\/comments?post=7208"}],"version-history":[{"count":0,"href":"https:\/\/www.crea-mt.org.br\/portal\/wp-json\/wp\/v2\/posts\/7208\/revisions"}],"wp:attachment":[{"href":"https:\/\/www.crea-mt.org.br\/portal\/wp-json\/wp\/v2\/media?parent=7208"}],"wp:term":[{"taxonomy":"category","embeddable":true,"href":"https:\/\/www.crea-mt.org.br\/portal\/wp-json\/wp\/v2\/categories?post=7208"},{"taxonomy":"post_tag","embeddable":true,"href":"https:\/\/www.crea-mt.org.br\/portal\/wp-json\/wp\/v2\/tags?post=7208"}],"curies":[{"name":"wp","href":"https:\/\/api.w.org\/{rel}","templated":true}]}}