{"id":7204,"date":"2007-02-12T00:00:00","date_gmt":"2007-02-12T02:00:00","guid":{"rendered":"https:\/\/crea-mt.org.br\/portal\/embrapa-entrega-zoneamento-da-br-163\/"},"modified":"2007-02-12T00:00:00","modified_gmt":"2007-02-12T02:00:00","slug":"embrapa-entrega-zoneamento-da-br-163","status":"publish","type":"post","link":"https:\/\/www.crea-mt.org.br\/portal\/embrapa-entrega-zoneamento-da-br-163\/","title":{"rendered":"Embrapa entrega zoneamento da BR-163"},"content":{"rendered":"<p>Ap\u00f3s a conclus\u00e3o da terceira fase, do Zoneamento Ecol\u00f3gico-Econ\u00f4mico da Br-163 (rodovia Santar\u00e9m-Cuiab\u00e1), no final de janeiro, o grupo de especialistas coordenado pela Embrapa Amaz\u00f4nia Oriental come\u00e7a a se preparar para mais um desafio: iniciar, em mar\u00e7o ou abril, o zoneamento agr\u00edcola nos 334.450 km\u00b2 que indicar\u00e1 os sistemas de produ\u00e7\u00e3o nas \u00e1reas de consolida\u00e7\u00e3o e nas \u00e1reas de expans\u00e3o. As culturas iniciais ser\u00e3o arroz, milho e soja.<\/p>\n<p>Em princ\u00edpio, segundo o pesquisador Adriano Venturieri, que coordenou o ZEE, nesta nova fase, al\u00e9m da Embrapa Amaz\u00f4nia Oriental, devem participar tamb\u00e9m a Embrapa Monitoramento por Sat\u00e9lite e Embrapa Inform\u00e1tica Agropecu\u00e1ria, ambas localizadas em Campinas (SP). Esta semana uma reuni\u00e3o, com representantes dessas Unidades, formalizou a parceria.<\/p>\n<p>O ZEE &#8211; O Zoneamento Ecol\u00f3gico-Econ\u00f4mico faz parte do novo modelo de desenvolvimento para a Amaz\u00f4nia Legal e que \u00e9 representando pelo Plano Amaz\u00f4nia Sustent\u00e1vel (PAS), coordenado pelo Minist\u00e9rio da Integra\u00e7\u00e3o Social e representa o ordenamento territorial desta grande \u00e1rea da Amaz\u00f4nia. <\/p>\n<p>Coordenado pela Embrapa Amaz\u00f4nia Oriental, ele \u00e9 um trabalho interdisciplinar e interinstitucional e que envolve diversas institui\u00e7\u00f5es como a Companhia de Pesquisa de Recursos Minerais &#8211; Servi\u00e7o Geol\u00f3gico do Brasil (CPRM), o Departamento Nacional de Produ\u00e7\u00e3o Mineral (DNPM), a Funda\u00e7\u00e3o Instituto Brasileiro de Geografia e Estat\u00edstica (IBGE), o Centro Gestor e Operacional do Sistema de Prote\u00e7\u00e3o da Amaz\u00f4nia (CENSIPAM), o Museu Paraense Em\u00edlio Goeldi (MPEG), a Universidade Federal do Par\u00e1 (UFPA) e a Secretaria de Estado de Meio Ambiente, Ci\u00eancia e Tecnologia (SECTAM).<\/p>\n<p>Um estudo complexo que permitir\u00e1 orientar a ocupa\u00e7\u00e3o no entorno da Santar\u00e9m_Cuiab\u00e1 com foco no uso racional dos recursos naturais existentes naquela \u00e1rea. A fase que acaba de ser conclu\u00edda e que j\u00e1 foi apresentada \u00e0 equipe do Governo do Estado do Par\u00e1 que assumiu recentemente, consta da elabora\u00e7\u00e3o de progn\u00f3sticos. Adriano Venturieri, da Embrapa Amaz\u00f4nia Oriental, ressalta que, embora teoricamente esta seja a \u00faltima fase, h\u00e1 ainda outra que significa a implementa\u00e7\u00e3o de tudo o que foi gerado at\u00e9 ent\u00e3o. <\/p>\n<p>Est\u00e3o previstas tamb\u00e9m consultas p\u00fablicas em Itaituba, Altamira, Santar\u00e9m, Novo Progresso, Medicil\u00e2ndia, Jacareacanga, Trairao e Castelo de Sonhos. O especialista acredita que, a partir do ZEE, a implantac\u00e3o de projetos ser\u00e3o baseados em informac\u00f5es t\u00e9cnicas e que contar\u00e3o ainda com o apoio da sociedade civil .<\/p>\n<p><B>Ruth  Rendeiro<\/B><br \/>\nEmbrapa Amaz\u00f4nia Oriental(MTb 609\/9985 1229\/PA)<br \/>\nContatos:(91) 3204 1192<br \/>\nruth@cpatu.embrapa.br<\/p>\n","protected":false},"excerpt":{"rendered":"<p>Ap\u00f3s a conclus\u00e3o da terceira fase, do Zoneamento Ecol\u00f3gico-Econ\u00f4mico da Br-163 (rodovia Santar\u00e9m-Cuiab\u00e1), no final de janeiro, o grupo de especialistas coordenado pela Embrapa Amaz\u00f4nia Oriental come\u00e7a a se preparar para mais um desafio: iniciar, em mar\u00e7o ou abril, o zoneamento agr\u00edcola nos 334.450 km\u00b2 que indicar\u00e1 os sistemas de produ\u00e7\u00e3o nas \u00e1reas de consolida\u00e7\u00e3o [&hellip;]<\/p>\n","protected":false},"author":1,"featured_media":0,"comment_status":"open","ping_status":"open","sticky":false,"template":"","format":"standard","meta":{"footnotes":""},"categories":[1],"tags":[],"class_list":["post-7204","post","type-post","status-publish","format-standard","hentry","category-noticias"],"acf":[],"_links":{"self":[{"href":"https:\/\/www.crea-mt.org.br\/portal\/wp-json\/wp\/v2\/posts\/7204","targetHints":{"allow":["GET"]}}],"collection":[{"href":"https:\/\/www.crea-mt.org.br\/portal\/wp-json\/wp\/v2\/posts"}],"about":[{"href":"https:\/\/www.crea-mt.org.br\/portal\/wp-json\/wp\/v2\/types\/post"}],"author":[{"embeddable":true,"href":"https:\/\/www.crea-mt.org.br\/portal\/wp-json\/wp\/v2\/users\/1"}],"replies":[{"embeddable":true,"href":"https:\/\/www.crea-mt.org.br\/portal\/wp-json\/wp\/v2\/comments?post=7204"}],"version-history":[{"count":0,"href":"https:\/\/www.crea-mt.org.br\/portal\/wp-json\/wp\/v2\/posts\/7204\/revisions"}],"wp:attachment":[{"href":"https:\/\/www.crea-mt.org.br\/portal\/wp-json\/wp\/v2\/media?parent=7204"}],"wp:term":[{"taxonomy":"category","embeddable":true,"href":"https:\/\/www.crea-mt.org.br\/portal\/wp-json\/wp\/v2\/categories?post=7204"},{"taxonomy":"post_tag","embeddable":true,"href":"https:\/\/www.crea-mt.org.br\/portal\/wp-json\/wp\/v2\/tags?post=7204"}],"curies":[{"name":"wp","href":"https:\/\/api.w.org\/{rel}","templated":true}]}}