{"id":7198,"date":"2007-02-12T00:00:00","date_gmt":"2007-02-12T02:00:00","guid":{"rendered":"https:\/\/crea-mt.org.br\/portal\/projeto-vai-beneficiar-gerenciamento-de-residuos-solidos\/"},"modified":"2007-02-12T00:00:00","modified_gmt":"2007-02-12T02:00:00","slug":"projeto-vai-beneficiar-gerenciamento-de-residuos-solidos","status":"publish","type":"post","link":"https:\/\/www.crea-mt.org.br\/portal\/projeto-vai-beneficiar-gerenciamento-de-residuos-solidos\/","title":{"rendered":"Projeto vai beneficiar gerenciamento de res\u00edduos s\u00f3lidos"},"content":{"rendered":"<p>Aprovado em dezembro passado, o &#8220;Plano de Gerenciamento Integrado de Res\u00edduos S\u00f3lidos Urbanos&#8221; (PGIRS) encaminhado pelo Departamento de Engenharia Sanit\u00e1ria da UFMT ao Programa de Extens\u00e3o Universit\u00e1ria (Proext) do Minist\u00e9rio da Educa\u00e7\u00e3o (MEC), que conta com recursos financeiros do Minist\u00e9rio das Cidades (MC), ir\u00e1 beneficiar sete munic\u00edpios do vale do rio Cuiab\u00e1: Acorizal, Bar\u00e3o de Melga\u00e7o, Jangada, Nossa Senhora do Livramento, Nobres, Ros\u00e1rio Oeste e Santo Ant\u00f4nio do Leverger. Segundo seu coordenador, professor Paulo Modesto, &#8220;o projeto \u00e9 uma forma da Universidade estar presente, contribuindo com os munic\u00edpios&#8221;. <\/p>\n<p>Envolvendo nove alunos dos cursos de Engenharia Sanit\u00e1ria, Geologia e Economia, o projeto de extens\u00e3o, segundo o professor Paulo, ter\u00e1 ganhos ambientais e sociais, pois trar\u00e1 seguran\u00e7a e prote\u00e7\u00e3o com uma coleta mais eficiente e um destino final seguro. Enf\u00e1ticos ao ressaltar a import\u00e2ncia do projeto n\u00e3o s\u00f3 para a forma\u00e7\u00e3o acad\u00eamica, como sugere Samantha Rodrigues, os estudantes chamam a aten\u00e7\u00e3o para o fato de poderem contribuir para a qualidade de vida das comunidades destes munic\u00edpios.<\/p>\n<p>Muito bem recebido nos sete munic\u00edpios envolvidos, o projeto, que ser\u00e1 desenvolvido entre os meses de janeiro e outubro, j\u00e1 buscou a colabora\u00e7\u00e3o da Associa\u00e7\u00e3o dos Munic\u00edpios (AMM), do Cons\u00f3rcio dos Munic\u00edpios do Vale do Rio Cuiab\u00e1 e da Secret\u00e1ria Estadual de Meio Ambiente (SEMA). O envolvimento das popula\u00e7\u00f5es locais e de \u00f3rg\u00e3os competentes, juntamente com a participa\u00e7\u00e3o na ReCESA (Rede Nacional de Capacita\u00e7\u00e3o e Extens\u00e3o Tecnol\u00f3gica em Saneamento Ambiental do Minist\u00e9rio das Cidades), pode ser uma garantia de execu\u00e7\u00e3o dos projetos, avalia o coordenador.<\/p>\n<p>J\u00e1 em plena fase de execu\u00e7\u00e3o, a equipe do programa est\u00e1 neste primeiro momento visitando os munic\u00edpios para os primeiros contatos, fazendo entrevistas e levantamentos para o diagn\u00f3stico que vai apresentar dados sobre a coleta, transporte, tratamento dos res\u00edduos, equipamentos utilizados, recursos humanos dispon\u00edveis e legisla\u00e7\u00e3o municipal existente, informa professor Paulo.<\/p>\n<p>Definido como vi\u00e1vel econ\u00f4mica e operacionalmente falando, pela aluna Aryadne Aquino, o projeto, a partir das condi\u00e7\u00f5es locais de cada munic\u00edpio, ir\u00e1 definir, no segundo momento, juntamente com as comunidades, as normas de procedimentos e diretrizes para o gerenciamento dos res\u00edduos s\u00f3lidos dos munic\u00edpios envolvidos.A participa\u00e7\u00e3o da comunidade na elabora\u00e7\u00e3o do projeto, segundo o professor Paulo, \u00e9 uma forma de garantir o envolvimento necess\u00e1rio para a coleta seletiva, ressaltando assim o papel social dos cidad\u00e3os e o resgate da dignidade dos profissionais da \u00e1rea.<\/p>\n<p>O Proext, na UFMT, \u00e9 desenvolvido por interm\u00e9dio da Pr\u00f3-Reitoria de Viv\u00eancia Acad\u00eamica e Social (Provivas), que tem estimulado a participa\u00e7\u00e3o das faculdades e institutos, cujos projetos v\u00eam sendo aprovados anualmente. No segundo semestre de 2006 foi lan\u00e7ado o Proext 2006 &#8211; MEC\/CIDADES, pelos minist\u00e9rios da Educa\u00e7\u00e3o e Cidades, com o objetivo de envolver as universidades federais na capacita\u00e7\u00e3o de pessoal da \u00e1rea de desenvolvimento urbano.<\/p>\n<p><B>Fonte: <\/B>www.ufmt.br<\/p>\n","protected":false},"excerpt":{"rendered":"<p>Aprovado em dezembro passado, o &#8220;Plano de Gerenciamento Integrado de Res\u00edduos S\u00f3lidos Urbanos&#8221; (PGIRS) encaminhado pelo Departamento de Engenharia Sanit\u00e1ria da UFMT ao Programa de Extens\u00e3o Universit\u00e1ria (Proext) do Minist\u00e9rio da Educa\u00e7\u00e3o (MEC), que conta com recursos financeiros do Minist\u00e9rio das Cidades (MC), ir\u00e1 beneficiar sete munic\u00edpios do vale do rio Cuiab\u00e1: Acorizal, Bar\u00e3o de [&hellip;]<\/p>\n","protected":false},"author":1,"featured_media":0,"comment_status":"open","ping_status":"open","sticky":false,"template":"","format":"standard","meta":{"footnotes":""},"categories":[1],"tags":[],"class_list":["post-7198","post","type-post","status-publish","format-standard","hentry","category-noticias"],"acf":[],"_links":{"self":[{"href":"https:\/\/www.crea-mt.org.br\/portal\/wp-json\/wp\/v2\/posts\/7198","targetHints":{"allow":["GET"]}}],"collection":[{"href":"https:\/\/www.crea-mt.org.br\/portal\/wp-json\/wp\/v2\/posts"}],"about":[{"href":"https:\/\/www.crea-mt.org.br\/portal\/wp-json\/wp\/v2\/types\/post"}],"author":[{"embeddable":true,"href":"https:\/\/www.crea-mt.org.br\/portal\/wp-json\/wp\/v2\/users\/1"}],"replies":[{"embeddable":true,"href":"https:\/\/www.crea-mt.org.br\/portal\/wp-json\/wp\/v2\/comments?post=7198"}],"version-history":[{"count":0,"href":"https:\/\/www.crea-mt.org.br\/portal\/wp-json\/wp\/v2\/posts\/7198\/revisions"}],"wp:attachment":[{"href":"https:\/\/www.crea-mt.org.br\/portal\/wp-json\/wp\/v2\/media?parent=7198"}],"wp:term":[{"taxonomy":"category","embeddable":true,"href":"https:\/\/www.crea-mt.org.br\/portal\/wp-json\/wp\/v2\/categories?post=7198"},{"taxonomy":"post_tag","embeddable":true,"href":"https:\/\/www.crea-mt.org.br\/portal\/wp-json\/wp\/v2\/tags?post=7198"}],"curies":[{"name":"wp","href":"https:\/\/api.w.org\/{rel}","templated":true}]}}