{"id":7197,"date":"2007-02-13T00:00:00","date_gmt":"2007-02-13T02:00:00","guid":{"rendered":"https:\/\/crea-mt.org.br\/portal\/agua-um-bem-publico-fazemos-concessao\/"},"modified":"2007-02-13T00:00:00","modified_gmt":"2007-02-13T02:00:00","slug":"agua-um-bem-publico-fazemos-concessao","status":"publish","type":"post","link":"https:\/\/www.crea-mt.org.br\/portal\/agua-um-bem-publico-fazemos-concessao\/","title":{"rendered":"\u00c1gua, um bem p\u00fablico: fazemos concess\u00e3o?"},"content":{"rendered":"<p>\nA mesa-redonda &#8220;\u00c1gua, um bem p\u00fablico: fazemos concess\u00e3o?&#8221;, que ser\u00e1 realizada no dia 27 de fevereiro, na Universidade Federal de Mato Grosso (UFMT), em Cuiab\u00e1, reunir\u00e1 especialistas da universidade e do setor empresarial para refletir sobre a escassez dos recursos h\u00eddricos. <\/p>\n<p>De acordo com a Pr\u00f3-Reitoria de Viv\u00eancia Acad\u00eamica e Social da UFMT, que promove o encontro, outro ponto em discuss\u00e3o sob a \u00f3tica acad\u00eamica e social ser\u00e1 o projeto da prefeitura de Cuiab\u00e1 de concess\u00e3o dos servi\u00e7os de \u00e1gua e esgoto da cidade para a iniciativa privada. O evento \u00e9 aberto ao p\u00fablico. <\/p>\n<p>Mais informa\u00e7\u00f5es: provivas@cpd.ufmt.br<\/p>\n<p><B>Fonte: <\/B>www.agencia.fapesp.br<\/p>\n","protected":false},"excerpt":{"rendered":"<p>A mesa-redonda &#8220;\u00c1gua, um bem p\u00fablico: fazemos concess\u00e3o?&#8221;, que ser\u00e1 realizada no dia 27 de fevereiro, na Universidade Federal de Mato Grosso (UFMT), em Cuiab\u00e1, reunir\u00e1 especialistas da universidade e do setor empresarial para refletir sobre a escassez dos recursos h\u00eddricos. De acordo com a Pr\u00f3-Reitoria de Viv\u00eancia Acad\u00eamica e Social da UFMT, que promove [&hellip;]<\/p>\n","protected":false},"author":1,"featured_media":0,"comment_status":"open","ping_status":"open","sticky":false,"template":"","format":"standard","meta":{"footnotes":""},"categories":[1],"tags":[],"class_list":["post-7197","post","type-post","status-publish","format-standard","hentry","category-noticias"],"acf":[],"_links":{"self":[{"href":"https:\/\/www.crea-mt.org.br\/portal\/wp-json\/wp\/v2\/posts\/7197","targetHints":{"allow":["GET"]}}],"collection":[{"href":"https:\/\/www.crea-mt.org.br\/portal\/wp-json\/wp\/v2\/posts"}],"about":[{"href":"https:\/\/www.crea-mt.org.br\/portal\/wp-json\/wp\/v2\/types\/post"}],"author":[{"embeddable":true,"href":"https:\/\/www.crea-mt.org.br\/portal\/wp-json\/wp\/v2\/users\/1"}],"replies":[{"embeddable":true,"href":"https:\/\/www.crea-mt.org.br\/portal\/wp-json\/wp\/v2\/comments?post=7197"}],"version-history":[{"count":0,"href":"https:\/\/www.crea-mt.org.br\/portal\/wp-json\/wp\/v2\/posts\/7197\/revisions"}],"wp:attachment":[{"href":"https:\/\/www.crea-mt.org.br\/portal\/wp-json\/wp\/v2\/media?parent=7197"}],"wp:term":[{"taxonomy":"category","embeddable":true,"href":"https:\/\/www.crea-mt.org.br\/portal\/wp-json\/wp\/v2\/categories?post=7197"},{"taxonomy":"post_tag","embeddable":true,"href":"https:\/\/www.crea-mt.org.br\/portal\/wp-json\/wp\/v2\/tags?post=7197"}],"curies":[{"name":"wp","href":"https:\/\/api.w.org\/{rel}","templated":true}]}}