{"id":7196,"date":"2007-02-13T00:00:00","date_gmt":"2007-02-13T02:00:00","guid":{"rendered":"https:\/\/crea-mt.org.br\/portal\/biomassa-podera-responder-por-25-da-energia-mundial\/"},"modified":"2007-02-13T00:00:00","modified_gmt":"2007-02-13T02:00:00","slug":"biomassa-podera-responder-por-25-da-energia-mundial","status":"publish","type":"post","link":"https:\/\/www.crea-mt.org.br\/portal\/biomassa-podera-responder-por-25-da-energia-mundial\/","title":{"rendered":"Biomassa poder\u00e1 responder por 25% da energia mundial"},"content":{"rendered":"<p>O Brasil precisa se esfor\u00e7ar para n\u00e3o perder a primazia adquirida no campo da bioenergia &#8211;mas, ao mesmo tempo, n\u00e3o pode desprezar op\u00e7\u00f5es como as hidrel\u00e9tricas, a grande aposta do governo hoje. <\/p>\n<p>A opini\u00e3o \u00e9 de Jos\u00e9 Goldemberg, ex-secret\u00e1rio de Estado de Meio Ambiente de S\u00e3o Paulo e um dos maiores especialistas em energia do pa\u00eds. <\/p>\n<p>Ele assina um artigo na edi\u00e7\u00e3o especial sobre o tema na revista &#8220;Science&#8221; da \u00faltima sexta-feira, e defende que outras fontes de energia renov\u00e1vel, como a e\u00f3lica, n\u00e3o s\u00e3o boas op\u00e7\u00f5es para o pa\u00eds. O mesmo vale para a energia nuclear, outra aposta do governo, da qual Goldemberg \u00e9 opositor hist\u00f3rico. <\/p>\n<p>&#8220;Temos outras fontes melhores. Mesmo em termos mundiais, isso pode gerar alguns efeitos indiretos perigosos. Apoiar a energia nuclear pode ajudar pa\u00edses como o Ir\u00e3 ou a Cor\u00e9ia do Norte a desenvolverem suas armas nucleares&#8221;, disse Goldemberg \u00e0 Folha. <\/p>\n<p>No caso da energia e\u00f3lica, diz, &#8220;a regi\u00e3o boa para isso est\u00e1 apenas l\u00e1 no Nordeste. Ao contr\u00e1rio da Dinamarca, que j\u00e1 tem 20% de sua energia gerada a partir dos ventos&#8221;. <\/p>\n<p>Para o ex-secret\u00e1rio, professor aposentado da USP, o Brasil tem uma lideran\u00e7a muito grande no campo do etanol e n\u00e3o pode perd\u00ea-la. <\/p>\n<p>&#8220;A biomassa, no futuro, poder\u00e1 responder por 20% ou 25% da matriz energ\u00e9tica mundial, ao contr\u00e1rio dos 13% de hoje. E dentro disso, o etanol brasileiro, feito de cana-de-a\u00e7\u00facar, \u00e9 muito melhor em termos de balan\u00e7o energ\u00e9tico [rela\u00e7\u00e3o entre a energia usada para produzir a energia e a que \u00e9 realmente disponibilizada no fim do processo] que o de milho, usado nos Estados Unidos&#8221;, afirma. <\/p>\n<p><B>Fonte:<\/B> Folha de S.Paulo<\/p>\n","protected":false},"excerpt":{"rendered":"<p>O Brasil precisa se esfor\u00e7ar para n\u00e3o perder a primazia adquirida no campo da bioenergia &#8211;mas, ao mesmo tempo, n\u00e3o pode desprezar op\u00e7\u00f5es como as hidrel\u00e9tricas, a grande aposta do governo hoje. A opini\u00e3o \u00e9 de Jos\u00e9 Goldemberg, ex-secret\u00e1rio de Estado de Meio Ambiente de S\u00e3o Paulo e um dos maiores especialistas em energia do [&hellip;]<\/p>\n","protected":false},"author":1,"featured_media":0,"comment_status":"open","ping_status":"open","sticky":false,"template":"","format":"standard","meta":{"footnotes":""},"categories":[1],"tags":[],"class_list":["post-7196","post","type-post","status-publish","format-standard","hentry","category-noticias"],"acf":[],"_links":{"self":[{"href":"https:\/\/www.crea-mt.org.br\/portal\/wp-json\/wp\/v2\/posts\/7196","targetHints":{"allow":["GET"]}}],"collection":[{"href":"https:\/\/www.crea-mt.org.br\/portal\/wp-json\/wp\/v2\/posts"}],"about":[{"href":"https:\/\/www.crea-mt.org.br\/portal\/wp-json\/wp\/v2\/types\/post"}],"author":[{"embeddable":true,"href":"https:\/\/www.crea-mt.org.br\/portal\/wp-json\/wp\/v2\/users\/1"}],"replies":[{"embeddable":true,"href":"https:\/\/www.crea-mt.org.br\/portal\/wp-json\/wp\/v2\/comments?post=7196"}],"version-history":[{"count":0,"href":"https:\/\/www.crea-mt.org.br\/portal\/wp-json\/wp\/v2\/posts\/7196\/revisions"}],"wp:attachment":[{"href":"https:\/\/www.crea-mt.org.br\/portal\/wp-json\/wp\/v2\/media?parent=7196"}],"wp:term":[{"taxonomy":"category","embeddable":true,"href":"https:\/\/www.crea-mt.org.br\/portal\/wp-json\/wp\/v2\/categories?post=7196"},{"taxonomy":"post_tag","embeddable":true,"href":"https:\/\/www.crea-mt.org.br\/portal\/wp-json\/wp\/v2\/tags?post=7196"}],"curies":[{"name":"wp","href":"https:\/\/api.w.org\/{rel}","templated":true}]}}