{"id":7195,"date":"2007-02-13T00:00:00","date_gmt":"2007-02-13T02:00:00","guid":{"rendered":"https:\/\/crea-mt.org.br\/portal\/mme-seleciona-analistas-ambientais\/"},"modified":"2007-02-13T00:00:00","modified_gmt":"2007-02-13T02:00:00","slug":"mme-seleciona-analistas-ambientais","status":"publish","type":"post","link":"https:\/\/www.crea-mt.org.br\/portal\/mme-seleciona-analistas-ambientais\/","title":{"rendered":"MME Seleciona Analistas Ambientais"},"content":{"rendered":"<p>\nO Minist\u00e9rio de Minas e Energia, no \u00e2mbito do projeto BRA\/01\/039, informou que vai contratar temporariamente analistas para atuar na \u00e1rea ambiental. As vagas s\u00e3o para analista de aspectos socioamebientais em empreendimentos de gera\u00e7\u00e3o do setor el\u00e9trico (c\u00f3digo 01039ASEG01) e analista em gerenciamento de informa\u00e7\u00f5es de licenciamento ambiental (c\u00f3digo 01039AGIL01). <\/p>\n<p>Os interessados poder\u00e3o enviar os curr\u00edculos at\u00e9 amanh\u00e3, quarta-feira, 14 de fevereiro, em formato word, para o e-mail bra01039.selecao@mme.gov.br, informando o c\u00f3digo do posto no campo &#8220;Assunto&#8221;. As mensagens que n\u00e3o destacarem o c\u00f3digo ser\u00e3o descartadas. O processo de sele\u00e7\u00e3o consistir\u00e1 de an\u00e1lise de curr\u00edculos e entrevista. Outras informa\u00e7\u00f5es no site: http:\/\/www.mme.gov.br\/<\/p>\n<p><B>Fonte:<\/B> Ag\u00eancia Canal Energia<\/p>\n","protected":false},"excerpt":{"rendered":"<p>O Minist\u00e9rio de Minas e Energia, no \u00e2mbito do projeto BRA\/01\/039, informou que vai contratar temporariamente analistas para atuar na \u00e1rea ambiental. As vagas s\u00e3o para analista de aspectos socioamebientais em empreendimentos de gera\u00e7\u00e3o do setor el\u00e9trico (c\u00f3digo 01039ASEG01) e analista em gerenciamento de informa\u00e7\u00f5es de licenciamento ambiental (c\u00f3digo 01039AGIL01). Os interessados poder\u00e3o enviar os [&hellip;]<\/p>\n","protected":false},"author":1,"featured_media":0,"comment_status":"open","ping_status":"open","sticky":false,"template":"","format":"standard","meta":{"footnotes":""},"categories":[1],"tags":[],"class_list":["post-7195","post","type-post","status-publish","format-standard","hentry","category-noticias"],"acf":[],"_links":{"self":[{"href":"https:\/\/www.crea-mt.org.br\/portal\/wp-json\/wp\/v2\/posts\/7195","targetHints":{"allow":["GET"]}}],"collection":[{"href":"https:\/\/www.crea-mt.org.br\/portal\/wp-json\/wp\/v2\/posts"}],"about":[{"href":"https:\/\/www.crea-mt.org.br\/portal\/wp-json\/wp\/v2\/types\/post"}],"author":[{"embeddable":true,"href":"https:\/\/www.crea-mt.org.br\/portal\/wp-json\/wp\/v2\/users\/1"}],"replies":[{"embeddable":true,"href":"https:\/\/www.crea-mt.org.br\/portal\/wp-json\/wp\/v2\/comments?post=7195"}],"version-history":[{"count":0,"href":"https:\/\/www.crea-mt.org.br\/portal\/wp-json\/wp\/v2\/posts\/7195\/revisions"}],"wp:attachment":[{"href":"https:\/\/www.crea-mt.org.br\/portal\/wp-json\/wp\/v2\/media?parent=7195"}],"wp:term":[{"taxonomy":"category","embeddable":true,"href":"https:\/\/www.crea-mt.org.br\/portal\/wp-json\/wp\/v2\/categories?post=7195"},{"taxonomy":"post_tag","embeddable":true,"href":"https:\/\/www.crea-mt.org.br\/portal\/wp-json\/wp\/v2\/tags?post=7195"}],"curies":[{"name":"wp","href":"https:\/\/api.w.org\/{rel}","templated":true}]}}