{"id":7194,"date":"2007-02-14T00:00:00","date_gmt":"2007-02-14T02:00:00","guid":{"rendered":"https:\/\/crea-mt.org.br\/portal\/seguro-profissional-para-erros-e-omissoes-em-obras-projetos-e-servicos\/"},"modified":"2007-02-14T00:00:00","modified_gmt":"2007-02-14T02:00:00","slug":"seguro-profissional-para-erros-e-omissoes-em-obras-projetos-e-servicos","status":"publish","type":"post","link":"https:\/\/www.crea-mt.org.br\/portal\/seguro-profissional-para-erros-e-omissoes-em-obras-projetos-e-servicos\/","title":{"rendered":"Seguro profissional para erros e omiss\u00f5es em obras, projetos e servi\u00e7os"},"content":{"rendered":"<p>Uma das principais preocupa\u00e7\u00f5es  na execu\u00e7\u00e3o de obras, projetos e servi\u00e7os  \u00e9  o prazo prescricional da responsabilidade civil atribu\u00edda \u00e0s Empresas e seus Profissionais, quanto \u00e0 qualidade, solidez e seguran\u00e7a dos servi\u00e7os prestados, estabelecido pelo C\u00f3digo Civil e o C\u00f3digo de Defesa do Consumidor. Com efeito, todos os contratantes internacionais, alguns contratantes privados nacionais, bem como, contratantes da \u00e1rea p\u00fablica, j\u00e1 passaram a exigir em seus contratos uma prote\u00e7\u00e3o. <\/p>\n<p>Foi nesse sentido que a M\u00daTUA\/Caixa de Assist\u00eancia dos Profissionais do CREA, entidade de benef\u00edcios do Sistema Confea\/Crea&#8217;s, em parceria com a Real Seguros\/T\u00f3kio Marine Seguradora desenvolveu, exclusivamente para as Empresas registradas no Conselho, o Seguro de Responsabilidade Civil Profissional &#8211; Professional Liability Insurance, tamb\u00e9m conhecido como Seguro de Erros e Omiss\u00f5es, que vem preencher uma lacuna existente no mercado segurador Brasileiro.<\/p>\n<p>Atrav\u00e9s deste seguro, com apenas uma ap\u00f3lice,  a empresa segurada  poder\u00e1 proteger todas as suas obras, projetos e servi\u00e7os, poder\u00e1 contrat\u00e1-lo especificamente para um determinado servi\u00e7o, ou ainda, em atendimento a uma exig\u00eancia contratual.<\/p>\n<p>Trata-se do \u00fanico seguro que protege  a atua\u00e7\u00e3o profissional da  Empresa com rela\u00e7\u00e3o \u00e0 responsabilidade t\u00e9cnica na execu\u00e7\u00e3o, no gerenciamento, na administra\u00e7\u00e3o, na fiscaliza\u00e7\u00e3o e na supervis\u00e3o dos servi\u00e7os realizados de acordo com a emiss\u00e3o da ART (Anota\u00e7\u00e3o de Responsabilidade T\u00e9cnica) emitida junto ao CREA, em conformidade com a legisla\u00e7\u00e3o vigente.<\/p>\n<p>Para obter maiores informa\u00e7\u00f5es ou ainda, esclarecer eventuais d\u00favidas, foi criado o Centro de Coordena\u00e7\u00e3o Profissional CREA que atende pelo  (SAC) 0800 610 003 op\u00e7\u00e3o 1 ou  no site www.profissionalcrea.com.br<\/p>\n<p><B>Fonte:<\/B> Centro de Coordena\u00e7\u00e3o Seguro RC Profissional<\/p>\n","protected":false},"excerpt":{"rendered":"<p>Uma das principais preocupa\u00e7\u00f5es na execu\u00e7\u00e3o de obras, projetos e servi\u00e7os \u00e9 o prazo prescricional da responsabilidade civil atribu\u00edda \u00e0s Empresas e seus Profissionais, quanto \u00e0 qualidade, solidez e seguran\u00e7a dos servi\u00e7os prestados, estabelecido pelo C\u00f3digo Civil e o C\u00f3digo de Defesa do Consumidor. Com efeito, todos os contratantes internacionais, alguns contratantes privados nacionais, bem [&hellip;]<\/p>\n","protected":false},"author":1,"featured_media":0,"comment_status":"open","ping_status":"open","sticky":false,"template":"","format":"standard","meta":{"footnotes":""},"categories":[1],"tags":[],"class_list":["post-7194","post","type-post","status-publish","format-standard","hentry","category-noticias"],"acf":[],"_links":{"self":[{"href":"https:\/\/www.crea-mt.org.br\/portal\/wp-json\/wp\/v2\/posts\/7194","targetHints":{"allow":["GET"]}}],"collection":[{"href":"https:\/\/www.crea-mt.org.br\/portal\/wp-json\/wp\/v2\/posts"}],"about":[{"href":"https:\/\/www.crea-mt.org.br\/portal\/wp-json\/wp\/v2\/types\/post"}],"author":[{"embeddable":true,"href":"https:\/\/www.crea-mt.org.br\/portal\/wp-json\/wp\/v2\/users\/1"}],"replies":[{"embeddable":true,"href":"https:\/\/www.crea-mt.org.br\/portal\/wp-json\/wp\/v2\/comments?post=7194"}],"version-history":[{"count":0,"href":"https:\/\/www.crea-mt.org.br\/portal\/wp-json\/wp\/v2\/posts\/7194\/revisions"}],"wp:attachment":[{"href":"https:\/\/www.crea-mt.org.br\/portal\/wp-json\/wp\/v2\/media?parent=7194"}],"wp:term":[{"taxonomy":"category","embeddable":true,"href":"https:\/\/www.crea-mt.org.br\/portal\/wp-json\/wp\/v2\/categories?post=7194"},{"taxonomy":"post_tag","embeddable":true,"href":"https:\/\/www.crea-mt.org.br\/portal\/wp-json\/wp\/v2\/tags?post=7194"}],"curies":[{"name":"wp","href":"https:\/\/api.w.org\/{rel}","templated":true}]}}