{"id":7190,"date":"2007-02-15T00:00:00","date_gmt":"2007-02-15T02:00:00","guid":{"rendered":"https:\/\/crea-mt.org.br\/portal\/carnaval-futebol-engenharia-e-arquitetura\/"},"modified":"2007-02-15T00:00:00","modified_gmt":"2007-02-15T02:00:00","slug":"carnaval-futebol-engenharia-e-arquitetura","status":"publish","type":"post","link":"https:\/\/www.crea-mt.org.br\/portal\/carnaval-futebol-engenharia-e-arquitetura\/","title":{"rendered":"CARNAVAL, FUTEBOL ENGENHARIA E ARQUITETURA"},"content":{"rendered":"<p>Vou correr o risco de me aborrecer com os paulistas, mas&#8230;<br \/>\nO carnaval est\u00e1 chegando e uma aposta \u00e9 certa: o desfile das escolas de samba do Rio de Janeiro vai dar de dez a zero no desfile de S\u00e3o Paulo.<br \/>\nSimplesmente porque n\u00e3o d\u00e1 pra comparar o desfile de S\u00e3o Paulo com o desfile do Rio de Janeiro. No Rio h\u00e1 outro clima, outras cores, outra alma.<\/p>\n<p>Sinceramente, penso que investir em desfile de escolas de samba foi um grande erro estrat\u00e9gico de S\u00e3o Paulo. Deveriam ter seguido o exemplo de Salvador e de Recife, que inventaram outro tipo de carnaval. Talvez S\u00e3o Paulo pudesse ter se dado muito melhor desenvolvendo grandes bailes em clubes, gin\u00e1sios, est\u00e1dios&#8230; sei l\u00e1&#8230; outra coisa. Tudo menos desfiles de escolas de samba, pois nisso j\u00e1 estava escrito que seria quase imposs\u00edvel destronar o Rio e suas escolas centen\u00e1rias.<\/p>\n<p>Al\u00e9m do mais, e a\u00ed vem o mais grave, S\u00e3o Paulo resolveu fazer desfiles de escolas de samba com a l\u00f3gica do futebol. Pior: com a l\u00f3gica das torcidas organizadas dos times de futebol. A\u00ed foi o pior de tudo! Virou um carnaval de fanatismo, de \u00f3dio, de quizumbas e paix\u00f5es que n\u00e3o tem nada a ver com a alma do carnaval. No fim as manchetes s\u00e3o sempre as mesmas: viol\u00eancia, brigas de rua, quebra-quebra&#8230; N\u00e3o que no Rio essas coisas n\u00e3o existam. Ocorre que l\u00e1 essas coisas n\u00e3o conseguem se converter em estrelas do Carnaval porque as belezas dos desfiles roubam a cena. Da mesma forma que as brigas e lamban\u00e7as das torcidas n\u00e3o roubam a cena do futebol de S\u00e3o Paulo que \u00e9 sem discuss\u00e3o o melhor, mais organizado e mais lucrativo do pa\u00eds.<\/p>\n<p>O Rio de Janeiro toca o seu futebol com a l\u00f3gica das escolas de samba e do jogo do bicho. No Rio o jogo do bicho tem a ver com as rela\u00e7\u00f5es de poder, muito mais do que com dinheiro. J\u00e1 em S\u00e3o Paulo o jogo do bicho virou (como tudo em S\u00e3o Paulo) um grande neg\u00f3cio que tem a ver com dinheiro, acima de tudo. Por isso \u00e9 que, em S\u00e3o Paulo o jogo do bicho n\u00e3o tem charme nem eleg\u00e2ncia. \u00c9 s\u00f3 dinheiro.<br \/>\nJ\u00e1 com o futebol \u00e9 diferente. Desde que ele se transformou em um neg\u00f3cio que envolve muito dinheiro (por estrat\u00e9gia da FIFA, a partir de meados da d\u00e9cada de 1970) ele se tornou paulista por excel\u00eancia. Encontrou em S\u00e3o Paulo seu terreno mais f\u00e9rtil e nos paulistanos a sua alma. Por isso o futebol de S\u00e3o Paulo seguir\u00e1 ainda por muitos anos dando show no futebol do Rio. E quem quiser ter sucesso no futebol ter\u00e1 de ir buscar os melhores exemplos nos clubes e na federa\u00e7\u00e3o de S\u00e3o Paulo.<\/p>\n<p>Toda essa conversa para dizer (na verdade, perguntar) o seguinte: se no samba e no jogo do bicho a l\u00f3gica dominante \u00e9 a dos cariocas e no futebol a l\u00f3gica que predomina \u00e9 a dos paulistas, qual \u00e9 a l\u00f3gica que domina o universo em que os profissionais de Engenharia e Arquitetura atuam no Brasil? \u00c9 a l\u00f3gica dos engenheiros e arquitetos? Ou n\u00f3s estamos jogando no campo dos outros?<\/p>\n<p>A quem interessa a maneira como s\u00e3o conduzidas as obras de constru\u00e7\u00e3o civil? Como seria a constru\u00e7\u00e3o civil se a l\u00f3gica dominante fosse a logica dos arquitetos e dos engenheiros.<\/p>\n<p>A constru\u00e7\u00e3o civil n\u00e3o \u00e9 uma ind\u00fastria &#8220;de engenheiros e arquitetos&#8221;. Ao contr\u00e1rio do que pode parecer a um leigo, engenheiros e arquitetos t\u00eam muito pouco poder de decis\u00e3o nessa ind\u00fastria. De uma maneira geral, se dependesse apenas dos engenheiros e arquitetos, as obras de constru\u00e7\u00e3o civil privilegiariam sustentabilidade, seguran\u00e7a, qualidade, tempo e custos, nesta ordem.<br \/>\nNa pr\u00e1tica das constru\u00e7\u00f5es sabemos que a ordem n\u00e3o \u00e9 bem esta. Ent\u00e3o, podemos concluir, o comando tem outras prioridades. E n\u00f3s, engenheiros e arquitetos, temos colocado nossos esfor\u00e7os, conhecimentos e habilidades \u00e0 servi\u00e7o dessas outras prioridades.<\/p>\n<p>Depois, quando ocorrem desastres como o que ocorreu em S\u00e3o Paulo na linha 4 do Metr\u00f4, ou quando edif\u00edcios s\u00e3o implodidos em Bras\u00edlia ou desabam em Recife&#8230; quem paga o pato s\u00e3o os engenheiros&#8230;<\/p>\n<p>Acho que est\u00e1 na hora de engenheiros e arquitetos entenderem melhor a quem interessam as decis\u00f5es tomadas nas obras e quem vai pagar a conta pelas eventuais consequ\u00eancias. Nem os sambistas de S\u00e3o Paulo nem os jogadores de futebol do Rio s\u00e3o culpados por n\u00e3o terem a lideran\u00e7a nas suas atividades, mas poderiam agir sobre quem toma as decis\u00f5es erradas que mant\u00e9m a situa\u00e7\u00e3o torta.<\/p>\n<p><B>\u00canio Padilha<\/B><br \/>\nwww.eniopadilha.com.br<\/p>\n","protected":false},"excerpt":{"rendered":"<p>Vou correr o risco de me aborrecer com os paulistas, mas&#8230; O carnaval est\u00e1 chegando e uma aposta \u00e9 certa: o desfile das escolas de samba do Rio de Janeiro vai dar de dez a zero no desfile de S\u00e3o Paulo. Simplesmente porque n\u00e3o d\u00e1 pra comparar o desfile de S\u00e3o Paulo com o desfile [&hellip;]<\/p>\n","protected":false},"author":1,"featured_media":0,"comment_status":"open","ping_status":"open","sticky":false,"template":"","format":"standard","meta":{"footnotes":""},"categories":[1],"tags":[],"class_list":["post-7190","post","type-post","status-publish","format-standard","hentry","category-noticias"],"acf":[],"_links":{"self":[{"href":"https:\/\/www.crea-mt.org.br\/portal\/wp-json\/wp\/v2\/posts\/7190","targetHints":{"allow":["GET"]}}],"collection":[{"href":"https:\/\/www.crea-mt.org.br\/portal\/wp-json\/wp\/v2\/posts"}],"about":[{"href":"https:\/\/www.crea-mt.org.br\/portal\/wp-json\/wp\/v2\/types\/post"}],"author":[{"embeddable":true,"href":"https:\/\/www.crea-mt.org.br\/portal\/wp-json\/wp\/v2\/users\/1"}],"replies":[{"embeddable":true,"href":"https:\/\/www.crea-mt.org.br\/portal\/wp-json\/wp\/v2\/comments?post=7190"}],"version-history":[{"count":0,"href":"https:\/\/www.crea-mt.org.br\/portal\/wp-json\/wp\/v2\/posts\/7190\/revisions"}],"wp:attachment":[{"href":"https:\/\/www.crea-mt.org.br\/portal\/wp-json\/wp\/v2\/media?parent=7190"}],"wp:term":[{"taxonomy":"category","embeddable":true,"href":"https:\/\/www.crea-mt.org.br\/portal\/wp-json\/wp\/v2\/categories?post=7190"},{"taxonomy":"post_tag","embeddable":true,"href":"https:\/\/www.crea-mt.org.br\/portal\/wp-json\/wp\/v2\/tags?post=7190"}],"curies":[{"name":"wp","href":"https:\/\/api.w.org\/{rel}","templated":true}]}}