{"id":7189,"date":"2007-02-15T00:00:00","date_gmt":"2007-02-15T02:00:00","guid":{"rendered":"https:\/\/crea-mt.org.br\/portal\/dia-de-campo-discute-tecnologia-para-solo\/"},"modified":"2007-02-15T00:00:00","modified_gmt":"2007-02-15T02:00:00","slug":"dia-de-campo-discute-tecnologia-para-solo","status":"publish","type":"post","link":"https:\/\/www.crea-mt.org.br\/portal\/dia-de-campo-discute-tecnologia-para-solo\/","title":{"rendered":"Dia de Campo discute tecnologia para solo"},"content":{"rendered":"<p>A Funda\u00e7\u00e3o MS e a Fazenda Modelo II realizam na pr\u00f3xima quinta-feira, dia 15, a partir das 8 horas, um Dia de Campo no munic\u00edpio de Ribas do Rio Pardo, onde ser\u00e1 abordado a integra\u00e7\u00e3o lavoura-pecu\u00e1ria e reflorestamento em solos de areia quartzosa. <\/p>\n<p>Parceira do evento, a Federa\u00e7\u00e3o da Agricultura e Pecu\u00e1ria do Estado (Famasul), estar\u00e1 presente atrav\u00e9s do vice-presidente, Eduardo Riedel, que destaca a import\u00e2ncia de novas tecnologias para o campo como &#8220;instrumento de apoio ao desenvolvimento sustent\u00e1vel do agroneg\u00f3cio&#8221;.  <\/p>\n<p>Com visitas a campo em unidades demonstrativas, os participantes ter\u00e3o acesso a tecnologias para culturas de soja e milho bem como em reflorestamento com eucalipto. Outras unidades demonstrar\u00e3o a import\u00e2ncia da boa escolha de esp\u00e9cies forrageiras, suplementa\u00e7\u00e3o, corre\u00e7\u00e3o de acidez e fertilidade do solo, aduba\u00e7\u00e3o e manejo de pastagens e ainda os resultados do Programa Agrosilvicultural (soja x pastagem x eucalipto).      <\/p>\n<p>Por fim, os propriet\u00e1rios da Fazenda Modelo II, juntamente com os pesquisadores da Funda\u00e7\u00e3o MS, palestrar\u00e3o sobre a experi\u00eancia com estas tecnologias desenvolvidas na propriedade. Mais informa\u00e7\u00f5es pelos telefones 067 3454-2631 ou 067 3591-1762. <\/p>\n<p><B>Fonte:<\/B> Agrosoft<\/p>\n","protected":false},"excerpt":{"rendered":"<p>A Funda\u00e7\u00e3o MS e a Fazenda Modelo II realizam na pr\u00f3xima quinta-feira, dia 15, a partir das 8 horas, um Dia de Campo no munic\u00edpio de Ribas do Rio Pardo, onde ser\u00e1 abordado a integra\u00e7\u00e3o lavoura-pecu\u00e1ria e reflorestamento em solos de areia quartzosa. Parceira do evento, a Federa\u00e7\u00e3o da Agricultura e Pecu\u00e1ria do Estado (Famasul), [&hellip;]<\/p>\n","protected":false},"author":1,"featured_media":0,"comment_status":"open","ping_status":"open","sticky":false,"template":"","format":"standard","meta":{"footnotes":""},"categories":[1],"tags":[],"class_list":["post-7189","post","type-post","status-publish","format-standard","hentry","category-noticias"],"acf":[],"_links":{"self":[{"href":"https:\/\/www.crea-mt.org.br\/portal\/wp-json\/wp\/v2\/posts\/7189","targetHints":{"allow":["GET"]}}],"collection":[{"href":"https:\/\/www.crea-mt.org.br\/portal\/wp-json\/wp\/v2\/posts"}],"about":[{"href":"https:\/\/www.crea-mt.org.br\/portal\/wp-json\/wp\/v2\/types\/post"}],"author":[{"embeddable":true,"href":"https:\/\/www.crea-mt.org.br\/portal\/wp-json\/wp\/v2\/users\/1"}],"replies":[{"embeddable":true,"href":"https:\/\/www.crea-mt.org.br\/portal\/wp-json\/wp\/v2\/comments?post=7189"}],"version-history":[{"count":0,"href":"https:\/\/www.crea-mt.org.br\/portal\/wp-json\/wp\/v2\/posts\/7189\/revisions"}],"wp:attachment":[{"href":"https:\/\/www.crea-mt.org.br\/portal\/wp-json\/wp\/v2\/media?parent=7189"}],"wp:term":[{"taxonomy":"category","embeddable":true,"href":"https:\/\/www.crea-mt.org.br\/portal\/wp-json\/wp\/v2\/categories?post=7189"},{"taxonomy":"post_tag","embeddable":true,"href":"https:\/\/www.crea-mt.org.br\/portal\/wp-json\/wp\/v2\/tags?post=7189"}],"curies":[{"name":"wp","href":"https:\/\/api.w.org\/{rel}","templated":true}]}}