{"id":7185,"date":"2007-02-15T00:00:00","date_gmt":"2007-02-15T02:00:00","guid":{"rendered":"https:\/\/crea-mt.org.br\/portal\/qualidade-ambiental\/"},"modified":"2007-02-15T00:00:00","modified_gmt":"2007-02-15T02:00:00","slug":"qualidade-ambiental","status":"publish","type":"post","link":"https:\/\/www.crea-mt.org.br\/portal\/qualidade-ambiental\/","title":{"rendered":"Qualidade ambiental"},"content":{"rendered":"<p>\n<B>Tambor\u00e9 adota piso intertravado como diferencial para novos empreendimentos<\/B>  <\/p>\n<p> O piso intertravado foi a escolha da Tambor\u00e9 S\/A, empresa com mais de 25 anos de atua\u00e7\u00e3o na \u00e1rea de desenvolvimento urbano, para o novo empreendimento Tambor\u00e9 11 &#8211; Terras de Provence. A solu\u00e7\u00e3o \u00e9 uma das apostas da empresa para oferecer ao futuro morador novas vantagens em qualidade ambiental. <\/p>\n<p>Os blocos de concreto pr\u00e9-fabricados &#8211; que formam o piso intertravado &#8211; permitem a perfeita drenagem das \u00e1guas, pois, suas juntas facilitam o escoamento, o que evita a impermeabiliza\u00e7\u00e3o do solo e ameniza o impacto ambiental. Al\u00e9m disso, garantem conforto t\u00e9rmico, n\u00e3o acumulam calor, chegando a diferen\u00e7as de 30% entre outros pisos. &#8220;Atuamos com um p\u00fablico diferenciado e exigente. Nosso comprometimento engloba qualidade, personaliza\u00e7\u00e3o e o respeito ao meio ambiente. Temos um contato muito estreito com a natureza e todo plano de desenvolvimento urbano da Tambor\u00e9 S\/A privilegia esta integra\u00e7\u00e3o. Portanto, o uso do piso intertravado \u00e9 mais um passo nesta trajet\u00f3ria de sucesso&#8221;, comenta Jos\u00e9 Alt Junior, diretor de engenharia da Tambor\u00e9 S\/A. <\/p>\n<p>De acordo com Alt, foram investidos cerca de R$ 2 milh\u00f5es no paisagismo e \u00e1reas de lazer, que corresponde \u00e0 40% do total da \u00e1rea do empreendimento. O valor total investido no empreendimento chegou a R$ 30 milh\u00f5es. <\/p>\n<p>Outro diferencial do piso intertravado \u00e9 que sua superf\u00edcie \u00e9 antiderrapante, o que proporciona maior seguran\u00e7a em rampas ou curvas. Tamb\u00e9m, apresenta grande facilidade de execu\u00e7\u00e3o, sendo o servi\u00e7o de manuten\u00e7\u00e3o simples, bastando a remo\u00e7\u00e3o localizada dos blocos. O piso intertravado conta com selo de qualidade da Associa\u00e7\u00e3o Brasileira de Cimento Portland (ABCP), que assegura a durabilidade do material. <\/p>\n<p>O piso intertravado tamb\u00e9m oferece grande valor paisag\u00edstico. No Tambor\u00e9 11, todo o cul-de-sac ter\u00e1 o desenho do piso intertravado inspirado na geometria estrutural de uma flor. &#8220;\u00c9 um tratamento simples, mas que evoca a riqueza da paisagem da regi\u00e3o de Provence&#8221;, garante o arquiteto S\u00e9rgio Ricardo Ortiz, coordenador de Marketing da DW\/Santana, empresa que desenvolveu o projeto paisag\u00edstico de Tambor\u00e9 11. &#8220;O piso possibilita uma riqueza visual, proporcionada pela ampla varia\u00e7\u00e3o de cores e formatos, al\u00e9m de ser um excelente aliado da natureza. Nossa filosofia de trabalho \u00e9 baseada no conceito de que a qualidade de vida \u00e9 diretamente influenciada pela qualidade do meio ambiente. Procuramos sempre oferecer solu\u00e7\u00f5es que promovam um conv\u00edvio relevante e positivo entre necessidades funcionais e est\u00e9ticas, que resultaram na escolha do piso intertravado para empreendimento&#8221;, completa Ortiz.<\/p>\n<p>Para Renato Bianconi, respons\u00e1vel pelo projeto arquitet\u00f4nico do novo loteamento residencial, o piso intertravado proporciona amplas varia\u00e7\u00f5es de pagina\u00e7\u00e3o. &#8220;Al\u00e9m da versatilidade, conseguimos fazer com que a empreendedora tenha um piso de manuten\u00e7\u00e3o pr\u00e1tica e muito dur\u00e1vel&#8221;.<\/p>\n<p><B>Ficha t\u00e9cnica<\/B><\/p>\n<p>&#8211; Projeto Arquitet\u00f4nico: Renato Bianconi<br \/>\n&#8211; Projeto Paisag\u00edstico: DW\/Santana<br \/>\n&#8211; \u00c1rea do terreno do condom\u00ednio: 546 mil m\u00b2<br \/>\n&#8211; \u00c1rea destinada para lotes: 216 mil m\u00b2 &#8211; 40%<br \/>\n&#8211; Espa\u00e7os livres &#8211; \u00e1reas verdes, sistema de lazer e \u00e1reas institucionais: 219 mil m\u00b2 &#8211; 40%<br \/>\n&#8211; Sistema vi\u00e1rio: 111 mil m\u00b2 &#8211; 20%<br \/>\n&#8211; N\u00famero de lotes: 411<br \/>\n&#8211; \u00c1rea dos lotes: 420 a 850 m\u00b2<br \/>\n&#8211; Lan\u00e7amento: 21 de outubro de 2006<br \/>\n&#8211; Previs\u00e3o de entrega: Mar\u00e7o de 2009<br \/>\n&#8211; Realiza\u00e7\u00e3o e Constru\u00e7\u00e3o: Tambor\u00e9 S\/A <\/p>\n<p><B>Autor:<\/B> Fabiana Borja<br \/>\n<B>Fonte:<\/B> SuperObra.com<\/p>\n","protected":false},"excerpt":{"rendered":"<p>Tambor\u00e9 adota piso intertravado como diferencial para novos empreendimentos O piso intertravado foi a escolha da Tambor\u00e9 S\/A, empresa com mais de 25 anos de atua\u00e7\u00e3o na \u00e1rea de desenvolvimento urbano, para o novo empreendimento Tambor\u00e9 11 &#8211; Terras de Provence. A solu\u00e7\u00e3o \u00e9 uma das apostas da empresa para oferecer ao futuro morador novas [&hellip;]<\/p>\n","protected":false},"author":1,"featured_media":0,"comment_status":"open","ping_status":"open","sticky":false,"template":"","format":"standard","meta":{"footnotes":""},"categories":[1],"tags":[],"class_list":["post-7185","post","type-post","status-publish","format-standard","hentry","category-noticias"],"acf":[],"_links":{"self":[{"href":"https:\/\/www.crea-mt.org.br\/portal\/wp-json\/wp\/v2\/posts\/7185","targetHints":{"allow":["GET"]}}],"collection":[{"href":"https:\/\/www.crea-mt.org.br\/portal\/wp-json\/wp\/v2\/posts"}],"about":[{"href":"https:\/\/www.crea-mt.org.br\/portal\/wp-json\/wp\/v2\/types\/post"}],"author":[{"embeddable":true,"href":"https:\/\/www.crea-mt.org.br\/portal\/wp-json\/wp\/v2\/users\/1"}],"replies":[{"embeddable":true,"href":"https:\/\/www.crea-mt.org.br\/portal\/wp-json\/wp\/v2\/comments?post=7185"}],"version-history":[{"count":0,"href":"https:\/\/www.crea-mt.org.br\/portal\/wp-json\/wp\/v2\/posts\/7185\/revisions"}],"wp:attachment":[{"href":"https:\/\/www.crea-mt.org.br\/portal\/wp-json\/wp\/v2\/media?parent=7185"}],"wp:term":[{"taxonomy":"category","embeddable":true,"href":"https:\/\/www.crea-mt.org.br\/portal\/wp-json\/wp\/v2\/categories?post=7185"},{"taxonomy":"post_tag","embeddable":true,"href":"https:\/\/www.crea-mt.org.br\/portal\/wp-json\/wp\/v2\/tags?post=7185"}],"curies":[{"name":"wp","href":"https:\/\/api.w.org\/{rel}","templated":true}]}}