{"id":7184,"date":"2007-02-15T00:00:00","date_gmt":"2007-02-15T02:00:00","guid":{"rendered":"https:\/\/crea-mt.org.br\/portal\/presidente-do-crea-mt-acompanha-vistorias-a-escolas-estaduais-de-varzea-grande\/"},"modified":"2007-02-15T00:00:00","modified_gmt":"2007-02-15T02:00:00","slug":"presidente-do-crea-mt-acompanha-vistorias-a-escolas-estaduais-de-varzea-grande","status":"publish","type":"post","link":"https:\/\/www.crea-mt.org.br\/portal\/presidente-do-crea-mt-acompanha-vistorias-a-escolas-estaduais-de-varzea-grande\/","title":{"rendered":"Presidente do Crea-MT acompanha vistorias a escolas estaduais de V\u00e1rzea Grande"},"content":{"rendered":"<p>O presidente do Conselho Regional de Engenharia, Arquitetura e Agronomia de Mato Grosso (Crea-MT), Tarciso Bassan,  fez quest\u00e3o de acompanhar o  secret\u00e1rio de Estado de Educa\u00e7\u00e3o, Luiz Ant\u00f4nio Pagot e a secret\u00e1ria Extraordin\u00e1ria de Apoio \u00e0s Pol\u00edticas Educacionais, Fl\u00e1via Nogueira, na manh\u00e3 desta quinta-feira (15.02), \u00e0s Escolas Estaduais instaladas no munic\u00edpio de V\u00e1rzea Grande.<\/p>\n<p>O roteiro de visitas teve in\u00edcio na Escola Estadual Professora Adalgisa de Barros, e seguiu a outras tr\u00eas unidades estaduais. &#8220;A pedido do secret\u00e1rio estamos estudando a possibilidade de realizar um conv\u00eanio que favoreceria o controle interno das obras para o Governo do Estado al\u00e9m, da qualidade do servi\u00e7o e dos materiais empregados nas obras&#8221;, explicou Tarciso Bassan.<\/p>\n<p>O objetivo das visitas, segundo Luiz Pagot, \u00e9 levantar a situa\u00e7\u00e3o da rede f\u00edsica e tamb\u00e9m pedag\u00f3gica das escolas estaduais para com isso definirem um cronograma de a\u00e7\u00f5es.<\/p>\n<p>&#8220;A atual gest\u00e3o implantou o projeto SOS Escola, composto por nove caminh\u00f5es-oficina e tr\u00eas caminh\u00f5es-fossa. Os caminh\u00f5es-oficina chegam \u00e0s escolas equipadas com materiais de constru\u00e7\u00e3o, hidr\u00e1ulica e el\u00e9trica para resolver pequenos defeitos encontrados nas unidades. A id\u00e9ia \u00e9 n\u00e3o deixar que as escolas se deteriorem e inviabilizem o funcionamento&#8221;, declarou o secret\u00e1rio de Estado. <\/p>\n<p>H\u00e1 quinze dias Tarciso Bassan tamb\u00e9m acompanhou o secret\u00e1rio estadual e sua equipe da Seduc quando visitaram nove escolas da rede estadual em V\u00e1rzea Grande.  Depois da Escola Estadual Adalgisa de Barros, a comitiva visitou a Escola Lic\u00ednio Monteiro, E.E. Pedro Gard\u00e9s e Gon\u00e7alo Botelho de Campos.<\/p>\n<p>*Rafaela Maximiano<br \/>\nAssessoria\/Crea-MT<\/p>\n<p>Fotos: Robson Silva &#8211; Secom\/VG<\/p>\n","protected":false},"excerpt":{"rendered":"<p>O presidente do Conselho Regional de Engenharia, Arquitetura e Agronomia de Mato Grosso (Crea-MT), Tarciso Bassan, fez quest\u00e3o de acompanhar o secret\u00e1rio de Estado de Educa\u00e7\u00e3o, Luiz Ant\u00f4nio Pagot e a secret\u00e1ria Extraordin\u00e1ria de Apoio \u00e0s Pol\u00edticas Educacionais, Fl\u00e1via Nogueira, na manh\u00e3 desta quinta-feira (15.02), \u00e0s Escolas Estaduais instaladas no munic\u00edpio de V\u00e1rzea Grande. O [&hellip;]<\/p>\n","protected":false},"author":1,"featured_media":0,"comment_status":"open","ping_status":"open","sticky":false,"template":"","format":"standard","meta":{"footnotes":""},"categories":[1],"tags":[],"class_list":["post-7184","post","type-post","status-publish","format-standard","hentry","category-noticias"],"acf":[],"_links":{"self":[{"href":"https:\/\/www.crea-mt.org.br\/portal\/wp-json\/wp\/v2\/posts\/7184","targetHints":{"allow":["GET"]}}],"collection":[{"href":"https:\/\/www.crea-mt.org.br\/portal\/wp-json\/wp\/v2\/posts"}],"about":[{"href":"https:\/\/www.crea-mt.org.br\/portal\/wp-json\/wp\/v2\/types\/post"}],"author":[{"embeddable":true,"href":"https:\/\/www.crea-mt.org.br\/portal\/wp-json\/wp\/v2\/users\/1"}],"replies":[{"embeddable":true,"href":"https:\/\/www.crea-mt.org.br\/portal\/wp-json\/wp\/v2\/comments?post=7184"}],"version-history":[{"count":0,"href":"https:\/\/www.crea-mt.org.br\/portal\/wp-json\/wp\/v2\/posts\/7184\/revisions"}],"wp:attachment":[{"href":"https:\/\/www.crea-mt.org.br\/portal\/wp-json\/wp\/v2\/media?parent=7184"}],"wp:term":[{"taxonomy":"category","embeddable":true,"href":"https:\/\/www.crea-mt.org.br\/portal\/wp-json\/wp\/v2\/categories?post=7184"},{"taxonomy":"post_tag","embeddable":true,"href":"https:\/\/www.crea-mt.org.br\/portal\/wp-json\/wp\/v2\/tags?post=7184"}],"curies":[{"name":"wp","href":"https:\/\/api.w.org\/{rel}","templated":true}]}}