{"id":7183,"date":"2007-02-15T00:00:00","date_gmt":"2007-02-15T02:00:00","guid":{"rendered":"https:\/\/crea-mt.org.br\/portal\/prevencao-crea-leva-fiscalizacao-a-locais-de-carnaval-de-rua\/"},"modified":"2007-02-15T00:00:00","modified_gmt":"2007-02-15T02:00:00","slug":"prevencao-crea-leva-fiscalizacao-a-locais-de-carnaval-de-rua","status":"publish","type":"post","link":"https:\/\/www.crea-mt.org.br\/portal\/prevencao-crea-leva-fiscalizacao-a-locais-de-carnaval-de-rua\/","title":{"rendered":"PREVEN\u00c7\u00c3O: Crea leva fiscaliza\u00e7\u00e3o a locais de carnaval de rua"},"content":{"rendered":"<p>A\u00e7\u00e3o que visa seguran\u00e7a aos foli\u00f5es do Carnaval de 2007 ocorre at\u00e9 esta sexta-feira (16.02)<\/p>\n<p>A Fiscaliza\u00e7\u00e3o Preventiva Integrada (FPI) do Conselho Regional de Engenharia Arquitetura e Agronomia de Mato Grosso (Crea-MT), est\u00e1 visitando, desde o dia 05 de fevereiro os locais p\u00fablicos que receber\u00e3o os foli\u00f5es para o carnaval de 2007. O trabalho de preven\u00e7\u00e3o est\u00e1 sendo realizado de forma integrada para orientar e exigir provid\u00eancias aos aspectos da seguran\u00e7a, salubridade, higiene e legalidade documental. &#8220;\u00c9 um trabalho de preven\u00e7\u00e3o e, al\u00e9m desses itens o que mais se entender necess\u00e1rio para a garantia da seguran\u00e7a coletiva na realiza\u00e7\u00e3o das festas de carnaval, ser\u00e1 exigido pela FPI&#8221;, garantiu o presidente do Crea-MT,  Tarciso Bassan. <\/p>\n<p>A opera\u00e7\u00e3o que se estende at\u00e9 esta sexta-feira (16.02), visa coibir situa\u00e7\u00f5es em que a popula\u00e7\u00e3o possa ser exposta a riscos quanto ao bem-estar, \u00e0 sa\u00fade e at\u00e9 a pr\u00f3pria vida. Durante esta semana, a FPI intensifica a fiscaliza\u00e7\u00e3o em Cuiab\u00e1 e V\u00e1rzea Grande. J\u00e1 foram visitados os munic\u00edpios de Chapada dos Guimar\u00e3es, Nossa Senhora da Guia, Acorizal, Nossa Senhora do Livramento, Pocon\u00e9, Bar\u00e3o do Melga\u00e7o, Santo Antonio de Leverger e Rondon\u00f3polis.<\/p>\n<p>Bassan explica que, al\u00e9m dos procedimentos normais de fiscaliza\u00e7\u00e3o, os fiscais do Crea e demais \u00f3rg\u00e3os envolvidos est\u00e3o fazendo um trabalho educativo com os organizadores de evento. &#8220;N\u00f3s orientamos esses organizadores em quais aspectos legais e estruturais precisam ser providenciados para se obter a autoriza\u00e7\u00e3o do evento. Inclusive em nosso site disponibilizamos essas informa\u00e7\u00f5es&#8221;, salientou o presidente do \u00f3rg\u00e3o.<\/p>\n<p>Participam da Opera\u00e7\u00e3o de Carnaval o Corpo de Bombeiros, Defesa Civil dos munic\u00edpios, Prefeituras, Vigil\u00e2ncia Sanit\u00e1ria, PROCON, Juizado da Inf\u00e2ncia e Adolesc\u00eancia, Secretaria Estadual de Turismo, Conselho Regional de Medicina e Conselho Regional de Enfermagem. O Crea-MT \u00e9 o coordenador do trabalho e, em campo a atua\u00e7\u00e3o \u00e9 feita de conformidade com as atribui\u00e7\u00f5es legais de cada institui\u00e7\u00e3o participante.<\/p>\n<p>*Rafaela Maximiano<br \/>\nAssessoria\/Crea-MT<\/p>\n","protected":false},"excerpt":{"rendered":"<p>A\u00e7\u00e3o que visa seguran\u00e7a aos foli\u00f5es do Carnaval de 2007 ocorre at\u00e9 esta sexta-feira (16.02) A Fiscaliza\u00e7\u00e3o Preventiva Integrada (FPI) do Conselho Regional de Engenharia Arquitetura e Agronomia de Mato Grosso (Crea-MT), est\u00e1 visitando, desde o dia 05 de fevereiro os locais p\u00fablicos que receber\u00e3o os foli\u00f5es para o carnaval de 2007. O trabalho de [&hellip;]<\/p>\n","protected":false},"author":1,"featured_media":0,"comment_status":"open","ping_status":"open","sticky":false,"template":"","format":"standard","meta":{"footnotes":""},"categories":[1],"tags":[],"class_list":["post-7183","post","type-post","status-publish","format-standard","hentry","category-noticias"],"acf":[],"_links":{"self":[{"href":"https:\/\/www.crea-mt.org.br\/portal\/wp-json\/wp\/v2\/posts\/7183","targetHints":{"allow":["GET"]}}],"collection":[{"href":"https:\/\/www.crea-mt.org.br\/portal\/wp-json\/wp\/v2\/posts"}],"about":[{"href":"https:\/\/www.crea-mt.org.br\/portal\/wp-json\/wp\/v2\/types\/post"}],"author":[{"embeddable":true,"href":"https:\/\/www.crea-mt.org.br\/portal\/wp-json\/wp\/v2\/users\/1"}],"replies":[{"embeddable":true,"href":"https:\/\/www.crea-mt.org.br\/portal\/wp-json\/wp\/v2\/comments?post=7183"}],"version-history":[{"count":0,"href":"https:\/\/www.crea-mt.org.br\/portal\/wp-json\/wp\/v2\/posts\/7183\/revisions"}],"wp:attachment":[{"href":"https:\/\/www.crea-mt.org.br\/portal\/wp-json\/wp\/v2\/media?parent=7183"}],"wp:term":[{"taxonomy":"category","embeddable":true,"href":"https:\/\/www.crea-mt.org.br\/portal\/wp-json\/wp\/v2\/categories?post=7183"},{"taxonomy":"post_tag","embeddable":true,"href":"https:\/\/www.crea-mt.org.br\/portal\/wp-json\/wp\/v2\/tags?post=7183"}],"curies":[{"name":"wp","href":"https:\/\/api.w.org\/{rel}","templated":true}]}}